{"id":68521,"date":"2026-09-04T09:45:31","date_gmt":"2026-09-04T12:45:31","guid":{"rendered":"https:\/\/www.radiopresidenteibanez.cl\/web\/?p=68521"},"modified":"2026-09-04T09:45:33","modified_gmt":"2026-09-04T12:45:33","slug":"felices-19-anos","status":"publish","type":"post","link":"https:\/\/www.radiopresidenteibanez.cl\/web\/felices-19-anos\/","title":{"rendered":"FELICES 19 A\u00d1OS"},"content":{"rendered":"\n<p class=\"wp-block-paragraph\">Este 4 de septiembre de 2026, Radio Presidente Ib\u00e1\u00f1ez cumple 19 a\u00f1os de vida,<br>consolid\u00e1ndose como uno de los pilares de la radiodifusi\u00f3n en la Regi\u00f3n de Magallanes y<br>de la Ant\u00e1rtica Chilena.<br>A trav\u00e9s de la frecuencia 88.5 FM en Punta Arenas y Porvenir, y sus plataformas digitales,<br>la emisora celebra casi dos d\u00e9cadas de acompa\u00f1amiento ininterrumpido, sustentado en<br>cuatro pilares fundamentales: su valor social, cultural, pol\u00edtico y un estricto pluralismo<br>informativo.<br>Radio Presidente Ib\u00e1\u00f1ez es el Coraz\u00f3n de Magallanes: La emisora ha sido, desde sus<br>inicios, un puente directo con la comunidad. En una regi\u00f3n caracterizada por el aislamiento<br>geogr\u00e1fico y el clima riguroso, la radio cumple una funci\u00f3n social cr\u00edtica: conecta a los<br>vecinos, difunde servicios a la comunidad y sirve de altavoz para los problemas de los<br>sectores m\u00e1s vulnerables de la Patagonia.<br>Radio Presidente Ib\u00e1\u00f1ez se ha transformado en un guardi\u00e1n de la identidad magall\u00e1nica. Su<br>parrilla program\u00e1tica rescata la historia local, da espacio a los artistas regionales y<br>promueve las tradiciones que dan forma al patrimonio de la zona austral.<br>Como espacio de discusi\u00f3n, la radio ha sido el escenario de los grandes debates de la<br>regi\u00f3n. Por sus micr\u00f3fonos pasan diariamente autoridades, dirigentes sociales y ciudadanos,<br>permitiendo fiscalizar el poder y poner en tabla los temas que realmente importan al<br>desarrollo regional.<br>En tiempos de polarizaci\u00f3n, la emisora destaca por su l\u00ednea editorial independiente y<br>equilibrada. Su compromiso con la verdad se refleja en una entrega noticiosa donde todas<br>las voces y posturas tienen cabida, garantizando el derecho a la informaci\u00f3n de manera<br>seria y responsable.<br>A 19 a\u00f1os del inicio de esta etapa liderada por sus fundadores y un comprometido equipo<br>humano y t\u00e9cnico, Radio Presidente Ib\u00e1\u00f1ez no solo mira al pasado con orgullo, sino que<br>proyecta su futuro adapt\u00e1ndose a las nuevas tecnolog\u00edas y narrativas digitales, pero<br>manteniendo intacta la esencia que la convirti\u00f3 en la voz de la Patagonia chilena.<br>Porque al final del d\u00eda, cuando el viento patag\u00f3nico arrecia y el fr\u00edo cala los huesos, lo que<br>viaja por el aire no son solo ondas de frecuencia; es la vida misma latiendo en sinton\u00eda.<br>Radio Presidente Ib\u00e1\u00f1ez cumple 19 a\u00f1os demostrando que la voz humana, cuando es<br>honesta, es capaz de rasgar la distancia, entibiar la soledad y tejer un lazo invisible que une<br>el pasado con el porvenir. Estos 19 a\u00f1os son apenas el eco inicial de una melod\u00eda que ya<br>pertenece a la eternidad de Magallanes, un faro encendido que seguir\u00e1 cruzando el tiempo,<br>transformando el aire en compa\u00f1\u00eda y el silencio en comunidad.<br>\u00a1Felicidades en su aniversario! \u00a1Radio Presidente Ib\u00e1\u00f1ez!<\/p>\n\n\n\n<p class=\"wp-block-paragraph\">Por Sergio Reyes (periodista)<\/p>\n","protected":false},"excerpt":{"rendered":"<p>Este 4 de septiembre de 2026, Radio Presidente Ib\u00e1\u00f1ez cumple 19 a\u00f1os de vida,consolid\u00e1ndose como uno de los pilares de la radiodifusi\u00f3n en la Regi\u00f3n de Magallanes yde la Ant\u00e1rtica&#8230; <a class=\"read-more\" href=\"https:\/\/www.radiopresidenteibanez.cl\/web\/felices-19-anos\/\">Leer m\u00e1s<\/a><\/p>\n","protected":false},"author":2,"featured_media":68522,"comment_status":"closed","ping_status":"closed","sticky":false,"template":"","format":"standard","meta":{"footnotes":""},"categories":[1],"tags":[],"class_list":["post-68521","post","type-post","status-publish","format-standard","has-post-thumbnail","hentry","category-cronica"],"_links":{"self":[{"href":"https:\/\/www.radiopresidenteibanez.cl\/web\/wp-json\/wp\/v2\/posts\/68521","targetHints":{"allow":["GET"]}}],"collection":[{"href":"https:\/\/www.radiopresidenteibanez.cl\/web\/wp-json\/wp\/v2\/posts"}],"about":[{"href":"https:\/\/www.radiopresidenteibanez.cl\/web\/wp-json\/wp\/v2\/types\/post"}],"author":[{"embeddable":true,"href":"https:\/\/www.radiopresidenteibanez.cl\/web\/wp-json\/wp\/v2\/users\/2"}],"replies":[{"embeddable":true,"href":"https:\/\/www.radiopresidenteibanez.cl\/web\/wp-json\/wp\/v2\/comments?post=68521"}],"version-history":[{"count":1,"href":"https:\/\/www.radiopresidenteibanez.cl\/web\/wp-json\/wp\/v2\/posts\/68521\/revisions"}],"predecessor-version":[{"id":68523,"href":"https:\/\/www.radiopresidenteibanez.cl\/web\/wp-json\/wp\/v2\/posts\/68521\/revisions\/68523"}],"wp:featuredmedia":[{"embeddable":true,"href":"https:\/\/www.radiopresidenteibanez.cl\/web\/wp-json\/wp\/v2\/media\/68522"}],"wp:attachment":[{"href":"https:\/\/www.radiopresidenteibanez.cl\/web\/wp-json\/wp\/v2\/media?parent=68521"}],"wp:term":[{"taxonomy":"category","embeddable":true,"href":"https:\/\/www.radiopresidenteibanez.cl\/web\/wp-json\/wp\/v2\/categories?post=68521"},{"taxonomy":"post_tag","embeddable":true,"href":"https:\/\/www.radiopresidenteibanez.cl\/web\/wp-json\/wp\/v2\/tags?post=68521"}],"curies":[{"name":"wp","href":"https:\/\/api.w.org\/{rel}","templated":true}]}}