{"id":68516,"date":"2026-09-04T09:05:43","date_gmt":"2026-09-04T12:05:43","guid":{"rendered":"https:\/\/www.radiopresidenteibanez.cl\/web\/?p=68516"},"modified":"2026-09-04T09:05:48","modified_gmt":"2026-09-04T12:05:48","slug":"aguas-magallanes-celebra-15-anos-de-su-fondo-concursable-y-premia-a-104-organizaciones-en-punta-arenas","status":"publish","type":"post","link":"https:\/\/www.radiopresidenteibanez.cl\/web\/aguas-magallanes-celebra-15-anos-de-su-fondo-concursable-y-premia-a-104-organizaciones-en-punta-arenas\/","title":{"rendered":"AGUAS MAGALLANES CELEBRA 15 A\u00d1OS DE SU FONDO CONCURSABLE Y PREMIA A 104 ORGANIZACIONES EN PUNTA ARENAS"},"content":{"rendered":"\n<p class=\"wp-block-paragraph\">Con la entrega formal de los fondos a las organizaciones ganadoras, Aguas Magallanes cerr\u00f3 este jueves (3 de septiembre) la decimoquinta versi\u00f3n de su Fondo Concursable de Desarrollo Comunitario. La convocatoria de este a\u00f1o reuni\u00f3 260 postulaciones en total, de las cuales 139 resultaron seleccionadas para distribuir un total de $50 millones.<\/p>\n\n\n\n<p class=\"wp-block-paragraph\">La iniciativa permiti\u00f3 el financiamiento total o parcial de 104 iniciativas de Punta Arenas, 28 de Puerto Natales, 2 de Porvenir y 2 de Puerto Williams.<\/p>\n\n\n\n<p class=\"wp-block-paragraph\">Para Marta Tri\u00f1anes, presidenta de la Junta de Vecinos, Nelda Panicuchi, estos recursos representan un impulso fundamental para su gesti\u00f3n comunitaria. La dirigenta detall\u00f3 que los fondos adjudicados se destinar\u00e1n \u00edntegramente a la pintura de su sede vecinal, una infraestructura de m\u00e1s de 250 metros cuadrados cuya mantenci\u00f3n requer\u00eda de este apoyo. Asimismo, valor\u00f3 enormemente la oportunidad y la agilidad del proceso que brinda Aguas Magallanes en cada convocatoria, e incentiv\u00f3 a las dem\u00e1s organizaciones sociales de la regi\u00f3n a presentar sus proyectos y aprovechar este fondo que impacta de manera directa.<\/p>\n\n\n\n<p class=\"wp-block-paragraph\"><strong>Reconocimiento a 15 a\u00f1os de trabajo territorial<\/strong><\/p>\n\n\n\n<p class=\"wp-block-paragraph\">La ceremonia tambi\u00e9n tuvo un componente emotivo y de balance hist\u00f3rico. Al cumplirse 15 a\u00f1os desde la creaci\u00f3n del Fondo Concursable, la empresa entreg\u00f3 distinciones a cuatro figuras vinculadas al proceso. Una de ellas fue Adriana Quintanilla, exencargada de Comunidad, reconocida por sus m\u00e1s de seis a\u00f1os de trabajo directo con las directivas vecinales; Carlos C\u00e1rdenas, integrante de mayor antig\u00fcedad en el jurado evaluador; Patricio Mladinic, quien m\u00e1s que desempe\u00f1ar el rol de locutor desde la primera versi\u00f3n, ha plasmado su particular estilo y carisma en cada una de las ceremonias; en representaci\u00f3n de las organizaciones sociales, se entreg\u00f3 el reconocimiento a la Junta de Vecinos Juan Pablo II, entidad que se ha adjudicado el fondo en 10 ocasiones.<\/p>\n\n\n\n<p class=\"wp-block-paragraph\">Por su parte, la secretaria del Club BM Caiqu\u00e9n, Cristina Alvarado, destac\u00f3 que esta es la segunda oportunidad en que la instituci\u00f3n se adjudica un proyecto a trav\u00e9s del fondo concursable de Aguas Magallanes. La dirigenta explic\u00f3 que los recursos beneficiar\u00e1n directamente a quienes defini\u00f3 como el alma del club: los ni\u00f1os y j\u00f3venes de las categor\u00edas sub-10 y sub-14. En ese sentido, detall\u00f3 que el financiamiento permitir\u00e1 concretar la adquisici\u00f3n de camisetas deportivas, un anhelado sue\u00f1o para la comunidad del club que hoy finalmente se hace realidad.<\/p>\n\n\n\n<p class=\"wp-block-paragraph\">\u00abVer la trayectoria de estos 15 a\u00f1os nos llena de orgullo, pero sobre todo de gratitud. Cuando iniciamos este fondo busc\u00e1bamos abrir un espacio de colaboraci\u00f3n directo con la comunidad; hoy, ver que se han financiado cientos de sue\u00f1os de diversas organizaciones sociales en las cuatro provincias de nuestra regi\u00f3n donde estamos presente, demuestra el impacto que ha generado este trabajo conjunto. Sentimos que el Fondo Concursable ya es parte del coraz\u00f3n de las organizaciones sociales\u201d, destac\u00f3 Christian Adema Galetovic, gerente regional de Aguas Magallanes.<\/p>\n\n\n\n<p class=\"wp-block-paragraph\">La actividad estuvo amenizada por el Coro Voces Blancas de la Municipalidad de Punta Arenas, ante un auditorio compuesto por dirigentes de las cuatro provincias de Magallanes.&nbsp;Detr\u00e1s de cada uno de los 139 proyectos aprobados no hay solo m\u00e9tricas o carpetas t\u00e9cnicas; hay vecinos que se organizaron para reparar una sede, adultos mayores que encontraron un espacio de encuentro para pasar el invierno y talleres deportivos que mantuvieron a j\u00f3venes en movimiento.&nbsp;<\/p>\n","protected":false},"excerpt":{"rendered":"<p>Con la entrega formal de los fondos a las organizaciones ganadoras, Aguas Magallanes cerr\u00f3 este jueves (3 de septiembre) la decimoquinta versi\u00f3n de su Fondo Concursable de Desarrollo Comunitario. La&#8230; <a class=\"read-more\" href=\"https:\/\/www.radiopresidenteibanez.cl\/web\/aguas-magallanes-celebra-15-anos-de-su-fondo-concursable-y-premia-a-104-organizaciones-en-punta-arenas\/\">Leer m\u00e1s<\/a><\/p>\n","protected":false},"author":2,"featured_media":68517,"comment_status":"closed","ping_status":"closed","sticky":false,"template":"","format":"standard","meta":{"footnotes":""},"categories":[1],"tags":[],"class_list":["post-68516","post","type-post","status-publish","format-standard","has-post-thumbnail","hentry","category-cronica"],"_links":{"self":[{"href":"https:\/\/www.radiopresidenteibanez.cl\/web\/wp-json\/wp\/v2\/posts\/68516","targetHints":{"allow":["GET"]}}],"collection":[{"href":"https:\/\/www.radiopresidenteibanez.cl\/web\/wp-json\/wp\/v2\/posts"}],"about":[{"href":"https:\/\/www.radiopresidenteibanez.cl\/web\/wp-json\/wp\/v2\/types\/post"}],"author":[{"embeddable":true,"href":"https:\/\/www.radiopresidenteibanez.cl\/web\/wp-json\/wp\/v2\/users\/2"}],"replies":[{"embeddable":true,"href":"https:\/\/www.radiopresidenteibanez.cl\/web\/wp-json\/wp\/v2\/comments?post=68516"}],"version-history":[{"count":1,"href":"https:\/\/www.radiopresidenteibanez.cl\/web\/wp-json\/wp\/v2\/posts\/68516\/revisions"}],"predecessor-version":[{"id":68518,"href":"https:\/\/www.radiopresidenteibanez.cl\/web\/wp-json\/wp\/v2\/posts\/68516\/revisions\/68518"}],"wp:featuredmedia":[{"embeddable":true,"href":"https:\/\/www.radiopresidenteibanez.cl\/web\/wp-json\/wp\/v2\/media\/68517"}],"wp:attachment":[{"href":"https:\/\/www.radiopresidenteibanez.cl\/web\/wp-json\/wp\/v2\/media?parent=68516"}],"wp:term":[{"taxonomy":"category","embeddable":true,"href":"https:\/\/www.radiopresidenteibanez.cl\/web\/wp-json\/wp\/v2\/categories?post=68516"},{"taxonomy":"post_tag","embeddable":true,"href":"https:\/\/www.radiopresidenteibanez.cl\/web\/wp-json\/wp\/v2\/tags?post=68516"}],"curies":[{"name":"wp","href":"https:\/\/api.w.org\/{rel}","templated":true}]}}