{"id":6851,"date":"2019-09-06T16:10:21","date_gmt":"2019-09-06T16:10:21","guid":{"rendered":"http:\/\/www.radiopresidenteibanez.cl\/web\/?p=6851"},"modified":"2019-09-06T16:10:27","modified_gmt":"2019-09-06T16:10:27","slug":"autoridades-de-puerto-natales-agradecieron-aprobacion-de-recursos-para-el-diseno-del-proyecto-de-agua-potable-rural-en-los-huertos-familiares","status":"publish","type":"post","link":"https:\/\/www.radiopresidenteibanez.cl\/web\/autoridades-de-puerto-natales-agradecieron-aprobacion-de-recursos-para-el-diseno-del-proyecto-de-agua-potable-rural-en-los-huertos-familiares\/","title":{"rendered":"AUTORIDADES DE PUERTO NATALES AGRADECIERON APROBACI\u00d3N DE RECURSOS PARA EL DISE\u00d1O DEL PROYECTO DE AGUA POTABLE RURAL EN LOS HUERTOS FAMILIARES"},"content":{"rendered":"\n<p>Finalizada la sesi\u00f3n plenaria del\nConsejo Regional de Magallanes, el Concejo Municipal, alcalde y la gobernadora de\nla provincia de \u00daltima Esperanza, se reunieron en la Plaza de Armas de Puerto\nNatales para agradecer y apoyar la entrega de recursos para el naciente poblado\nde Huertos Familiares.<\/p>\n\n\n\n<p>Los montos fueron otorgados\nproducto de la gesti\u00f3n de la gobernaci\u00f3n de la provincia a trav\u00e9s de la\nDirecci\u00f3n de Obras Hidr\u00e1ulicas del Ministerio de Obras P\u00fablicas, apoyado por la\nMunicipalidad de Natales. <\/p>\n\n\n\n<p>Desde el municipio, la Direcci\u00f3n\nde Desarrollo Comunitario est\u00e1 trabajando para recolectar informaci\u00f3n a trav\u00e9s\nde encuestas, con el fin de ejecutar un reordenamiento del servicio de agua potable\nrural y entregar toda la informaci\u00f3n &nbsp;para\nel dise\u00f1o del proyecto.<\/p>\n\n\n\n<p>El alcalde de Natales, destac\u00f3\nque el Comit\u00e9 de Agua Potable necesita una mayor capacitaci\u00f3n y mayor\nempoderamiento para poder manejar todo el sistema. \u201cDurante todo el otro a\u00f1o va\na haber una consultora haciendo todos los estudios topogr\u00e1ficos para poder\ncambiar y en primer lugar, reponer la red del camino 1, 2, 3 y camino 4.\nTambi\u00e9n, seguramente la consultor\u00eda del dise\u00f1o va a decir que se debe efectuar\nlabores de mejoramiento en la captaci\u00f3n del agua potable en el sector de\nHuertos Familiares\u201d, indic\u00f3 Fernando Paredes.<\/p>\n\n\n\n<p>Adem\u00e1s, el edil natalino subray\u00f3\nel compromiso de la gobernaci\u00f3n de \u00daltima Esperanza y del Gobierno. \u201cCon este\ndise\u00f1o, que son con fondos del Ministerio de Obras P\u00fablicas, aprobado por el\nConsejo Regional, tambi\u00e9n hay una decisi\u00f3n de Gobierno. El Gobierno ha tomado\nla decisi\u00f3n que si se va a hacer un dise\u00f1o, es porque se asegura la ejecuci\u00f3n\nde las obras\u201d. <\/p>\n\n\n\n<p>La gobernadora de la provincia\nenvi\u00f3 un mensaje claro a los habitantes de los Huertos Familiares. \u201cEste dise\u00f1o\nva a permitir reforzar y ampliar la planta del Comit\u00e9 de Agua Potable Rural de\nHuertos Familiares\u201d. Asimismo, la m\u00e1xima autoridad provincial enfatiz\u00f3 que\nest\u00e1n trabajando fuertemente junto al municipio, impulsando esta iniciativa con\nla Direcci\u00f3n de Obras Hidr\u00e1ulicas. \u201cQueremos entregar la soluci\u00f3n definitiva de\nlo que se requiere\u201d, sostuvo Ana Mayorga Bahamonde.<\/p>\n\n\n\n<p>Los concejales de la comuna,\nFrancisca Molinet, Jos\u00e9 Cuyul y Guillermo Ruiz, se mostraron contentos por el\npaso dado y se\u00f1alaron la importancia de la entrega de estos recursos,\nrecalcando que hoy d\u00eda se est\u00e1 respondiendo a una demanda hist\u00f3rica de las\nfamilias de los Huertos Familiares. <\/p>\n","protected":false},"excerpt":{"rendered":"<p>Finalizada la sesi\u00f3n plenaria del Consejo Regional de Magallanes, el Concejo Municipal, alcalde y la gobernadora de la provincia de \u00daltima Esperanza, se reunieron en la Plaza de Armas de&#8230; <a class=\"read-more\" href=\"https:\/\/www.radiopresidenteibanez.cl\/web\/autoridades-de-puerto-natales-agradecieron-aprobacion-de-recursos-para-el-diseno-del-proyecto-de-agua-potable-rural-en-los-huertos-familiares\/\">Leer m\u00e1s<\/a><\/p>\n","protected":false},"author":2,"featured_media":6852,"comment_status":"closed","ping_status":"closed","sticky":false,"template":"","format":"standard","meta":{"footnotes":""},"categories":[1],"tags":[],"class_list":["post-6851","post","type-post","status-publish","format-standard","has-post-thumbnail","hentry","category-cronica"],"_links":{"self":[{"href":"https:\/\/www.radiopresidenteibanez.cl\/web\/wp-json\/wp\/v2\/posts\/6851","targetHints":{"allow":["GET"]}}],"collection":[{"href":"https:\/\/www.radiopresidenteibanez.cl\/web\/wp-json\/wp\/v2\/posts"}],"about":[{"href":"https:\/\/www.radiopresidenteibanez.cl\/web\/wp-json\/wp\/v2\/types\/post"}],"author":[{"embeddable":true,"href":"https:\/\/www.radiopresidenteibanez.cl\/web\/wp-json\/wp\/v2\/users\/2"}],"replies":[{"embeddable":true,"href":"https:\/\/www.radiopresidenteibanez.cl\/web\/wp-json\/wp\/v2\/comments?post=6851"}],"version-history":[{"count":0,"href":"https:\/\/www.radiopresidenteibanez.cl\/web\/wp-json\/wp\/v2\/posts\/6851\/revisions"}],"wp:featuredmedia":[{"embeddable":true,"href":"https:\/\/www.radiopresidenteibanez.cl\/web\/wp-json\/wp\/v2\/media\/6852"}],"wp:attachment":[{"href":"https:\/\/www.radiopresidenteibanez.cl\/web\/wp-json\/wp\/v2\/media?parent=6851"}],"wp:term":[{"taxonomy":"category","embeddable":true,"href":"https:\/\/www.radiopresidenteibanez.cl\/web\/wp-json\/wp\/v2\/categories?post=6851"},{"taxonomy":"post_tag","embeddable":true,"href":"https:\/\/www.radiopresidenteibanez.cl\/web\/wp-json\/wp\/v2\/tags?post=6851"}],"curies":[{"name":"wp","href":"https:\/\/api.w.org\/{rel}","templated":true}]}}