{"id":68500,"date":"2026-09-03T17:53:00","date_gmt":"2026-09-03T20:53:00","guid":{"rendered":"https:\/\/www.radiopresidenteibanez.cl\/web\/?p=68500"},"modified":"2026-09-03T15:42:19","modified_gmt":"2026-09-03T18:42:19","slug":"fundacion-integra-y-el-cft-estatal-de-magallanes-firman-convenio-de-colaboracion-para-fortalecer-procesos-educativos-y-de-formacion","status":"publish","type":"post","link":"https:\/\/www.radiopresidenteibanez.cl\/web\/fundacion-integra-y-el-cft-estatal-de-magallanes-firman-convenio-de-colaboracion-para-fortalecer-procesos-educativos-y-de-formacion\/","title":{"rendered":"Fundaci\u00f3n Integra y el CFT Estatal de Magallanes firman convenio de colaboraci\u00f3n para fortalecer procesos educativos y de formaci\u00f3n"},"content":{"rendered":"\n<p class=\"wp-block-paragraph\">Fundaci\u00f3n Integra y el Centro de Formaci\u00f3n T\u00e9cnica (CFT) Estatal de Magallanes firmaron un importante convenio de colaboraci\u00f3n que permite proyectar, coordinar y desarrollar actividades en alianza institucional, como pr\u00e1cticas profesionales y experiencias formativas, acad\u00e9micas y de vinculaci\u00f3n con el medio, que favorezcan los procesos educativos y pedag\u00f3gicos, la formaci\u00f3n de estudiantes, y el desarrollo de las comunidades.<br>Esta alianza estrat\u00e9gica busca contribuir al trabajo conjunto entre ambas instituciones para fortalecer los procesos de aprendizaje de ni\u00f1as y ni\u00f1os, la formaci\u00f3n con sentido social, el enfoque de derechos e inclusi\u00f3n. Asimismo, abre oportunidades de formaci\u00f3n t\u00e9cnica para las trabajadoras de Fundaci\u00f3n Integra y sus familias.<br>El director regional de Fundaci\u00f3n Integra, Alan Carrasco Concha, afirm\u00f3 que \u201cestamos muy contentos de poder concretar este convenio de colaboraci\u00f3n con el CFT Estatal de Magallanes, que permite fortalecer nuestro v\u00ednculo institucional y desplegar un trabajo conjunto que tiene el foco puesto en el desarrollo de nuestras comunidades, favoreciendo los diferentes procesos formativos, educativos y pedag\u00f3gicos, en beneficio de ni\u00f1as, ni\u00f1os, estudiantes, trabajadoras y sus familias\u201d.<br>Mientras que la rectora del CFT Estatal de Magallanes, Valeria Gallardo Abello, destac\u00f3 que \u201cfirmar este convenio con Fundaci\u00f3n Integra es un orgullo, porque une a dos instituciones p\u00fablicas comprometidas con las personas y con el territorio. Gracias a esta alianza, nuestras y nuestros estudiantes podr\u00e1n realizar sus pr\u00e1cticas en los jardines infantiles y salas cuna de la regi\u00f3n, form\u00e1ndose junto a equipos de excelencia y aportando al desarrollo de la primera infancia. Adem\u00e1s, abrimos oportunidades concretas de formaci\u00f3n t\u00e9cnica para las trabajadoras y trabajadores de Integra y sus familias. Porque formar buenos t\u00e9cnicos tambi\u00e9n es aportar al cuidado y al desarrollo de nuestros ni\u00f1os y ni\u00f1as. As\u00ed se construye la educaci\u00f3n t\u00e9cnica estatal: colaborando y llegando a cada rinc\u00f3n de Magallanes\u201d.<\/p>\n","protected":false},"excerpt":{"rendered":"<p>Fundaci\u00f3n Integra y el Centro de Formaci\u00f3n T\u00e9cnica (CFT) Estatal de Magallanes firmaron un importante convenio de colaboraci\u00f3n que permite proyectar, coordinar y desarrollar actividades en alianza institucional, como pr\u00e1cticas&#8230; <a class=\"read-more\" href=\"https:\/\/www.radiopresidenteibanez.cl\/web\/fundacion-integra-y-el-cft-estatal-de-magallanes-firman-convenio-de-colaboracion-para-fortalecer-procesos-educativos-y-de-formacion\/\">Leer m\u00e1s<\/a><\/p>\n","protected":false},"author":2,"featured_media":68501,"comment_status":"closed","ping_status":"closed","sticky":false,"template":"","format":"standard","meta":{"footnotes":""},"categories":[1],"tags":[],"class_list":["post-68500","post","type-post","status-publish","format-standard","has-post-thumbnail","hentry","category-cronica"],"_links":{"self":[{"href":"https:\/\/www.radiopresidenteibanez.cl\/web\/wp-json\/wp\/v2\/posts\/68500","targetHints":{"allow":["GET"]}}],"collection":[{"href":"https:\/\/www.radiopresidenteibanez.cl\/web\/wp-json\/wp\/v2\/posts"}],"about":[{"href":"https:\/\/www.radiopresidenteibanez.cl\/web\/wp-json\/wp\/v2\/types\/post"}],"author":[{"embeddable":true,"href":"https:\/\/www.radiopresidenteibanez.cl\/web\/wp-json\/wp\/v2\/users\/2"}],"replies":[{"embeddable":true,"href":"https:\/\/www.radiopresidenteibanez.cl\/web\/wp-json\/wp\/v2\/comments?post=68500"}],"version-history":[{"count":1,"href":"https:\/\/www.radiopresidenteibanez.cl\/web\/wp-json\/wp\/v2\/posts\/68500\/revisions"}],"predecessor-version":[{"id":68502,"href":"https:\/\/www.radiopresidenteibanez.cl\/web\/wp-json\/wp\/v2\/posts\/68500\/revisions\/68502"}],"wp:featuredmedia":[{"embeddable":true,"href":"https:\/\/www.radiopresidenteibanez.cl\/web\/wp-json\/wp\/v2\/media\/68501"}],"wp:attachment":[{"href":"https:\/\/www.radiopresidenteibanez.cl\/web\/wp-json\/wp\/v2\/media?parent=68500"}],"wp:term":[{"taxonomy":"category","embeddable":true,"href":"https:\/\/www.radiopresidenteibanez.cl\/web\/wp-json\/wp\/v2\/categories?post=68500"},{"taxonomy":"post_tag","embeddable":true,"href":"https:\/\/www.radiopresidenteibanez.cl\/web\/wp-json\/wp\/v2\/tags?post=68500"}],"curies":[{"name":"wp","href":"https:\/\/api.w.org\/{rel}","templated":true}]}}