{"id":68497,"date":"2026-09-03T16:39:00","date_gmt":"2026-09-03T19:39:00","guid":{"rendered":"https:\/\/www.radiopresidenteibanez.cl\/web\/?p=68497"},"modified":"2026-09-03T15:30:42","modified_gmt":"2026-09-03T18:30:42","slug":"mas-de-90-personas-participaron-en-jornada-sobre-salud-emocional-y-riesgos-psicosociales-en-el-trabajo","status":"publish","type":"post","link":"https:\/\/www.radiopresidenteibanez.cl\/web\/mas-de-90-personas-participaron-en-jornada-sobre-salud-emocional-y-riesgos-psicosociales-en-el-trabajo\/","title":{"rendered":"M\u00e1s de 90 personas participaron en jornada sobre salud emocional y riesgos psicosociales en el trabajo"},"content":{"rendered":"\n<p class=\"wp-block-paragraph\">M\u00e1s de 90 personas participaron en una jornada dedicada a abordar la salud mental, la educaci\u00f3n emocional y los riesgos psicosociales en los espacios laborales, instancia que busc\u00f3 entregar herramientas para avanzar hacia entornos de trabajo m\u00e1s saludables y seguros.<br>La actividad cont\u00f3 con la exposici\u00f3n de Arnaldo Canales, psic\u00f3logo, especialista en educaci\u00f3n emocional e impulsor de la Ley de Educaci\u00f3n Emocional en Latinoam\u00e9rica; y tambi\u00e9n con la participaci\u00f3n de las autoridades laborales de la zona, la Mutual de Seguridad y los distintos actores que integran el Consejo Tripartito de Usuarios.<br>El especialista Arnaldo Canales, encargado de desarrollar la charla, relev\u00f3 el papel de las emociones en los espacios laborales:<br>\u201cLas emociones est\u00e1n permanentemente presentes en nuestros espacios de trabajo. No podemos dejar las emociones en la puerta cuando entramos a trabajar, ya que somos personas integrales. Por eso es importante aprender a reconocerlas, comprenderlas y gestionarlas. El desaf\u00edo es que estos temas no queden solamente en una charla, sino que se transformen en cambios concretos en las conductas y en las relaciones que establecemos diariamente en nuestros distintos \u00e1mbitos\u201d, se\u00f1al\u00f3 el experto.<br>Por su parte, el seremi del Trabajo y Previsi\u00f3n Social, Jos\u00e9 Miguel Salas, valor\u00f3 la convocatoria y se\u00f1al\u00f3:<br>\u201cLa salud mental es hoy un tema fundamental en el mundo del trabajo. Tenemos que preocuparnos no solo de las condiciones f\u00edsicas de seguridad, sino tambi\u00e9n del bienestar de las personas y de las relaciones que se generan en los lugares de trabajo. Esta importante convocatoria demuestra que existe inter\u00e9s por avanzar en esta materia\u201d, recalc\u00f3.<br>A su vez, el gerente de Mutual de Seguridad en Punta Arenas, Luis Bradasic, destac\u00f3 la importancia de abordar esta tem\u00e1tica de manera transversal:<br>\u201cHemos instalado la importancia de abordar la salud mental en los espacios laborales, especialmente poniendo el foco en los riesgos psicosociales y en la necesidad de prevenirlos y tratarlos oportunamente. Esta charla entrega herramientas y reflexiones que ayudan a generar cambios personales y conductuales para construir mejores entornos laborales\u201d, expuso Bradasic.<br>Finalmente, el director regional del Trabajo, Carlo Gorziglia, explic\u00f3 que la actividad surgi\u00f3 desde el trabajo del Consejo Tripartito de Usuarios:<br>\u201cA partir de la informaci\u00f3n relacionada con las enfermedades mentales asociadas a la calificaci\u00f3n de enfermedades profesionales, vimos la oportunidad de generar esta actividad, primero para conocer esta realidad y, luego, para entregar herramientas sobre c\u00f3mo se viven y gestionan las emociones al interior de las empresas ya que la salud mental constituye uno de los grandes desaf\u00edos en materia de salud y seguridad en el trabajo, donde la normativa tal vez no sea suficiente para su abordaje y requiera una estrategia organizacional espec\u00edfica que supere los m\u00ednimos regulatorios\u201d, coment\u00f3 el director.<br>La alta convocatoria registrada reflej\u00f3 el inter\u00e9s de los distintos actores del \u00e1mbito regional por adquirir herramientas para generar estrategias que permitan prevenir los riesgos psicosociales y mejorar las relaciones en el trabajo.<br>La jornada permiti\u00f3 as\u00ed fortalecer el di\u00e1logo entre trabajadores, empleadores e instituciones, poniendo en el centro la prevenci\u00f3n y la construcci\u00f3n de mejores entornos laborales en la regi\u00f3n.<\/p>\n","protected":false},"excerpt":{"rendered":"<p>M\u00e1s de 90 personas participaron en una jornada dedicada a abordar la salud mental, la educaci\u00f3n emocional y los riesgos psicosociales en los espacios laborales, instancia que busc\u00f3 entregar herramientas&#8230; <a class=\"read-more\" href=\"https:\/\/www.radiopresidenteibanez.cl\/web\/mas-de-90-personas-participaron-en-jornada-sobre-salud-emocional-y-riesgos-psicosociales-en-el-trabajo\/\">Leer m\u00e1s<\/a><\/p>\n","protected":false},"author":2,"featured_media":68498,"comment_status":"closed","ping_status":"closed","sticky":false,"template":"","format":"standard","meta":{"footnotes":""},"categories":[1],"tags":[],"class_list":["post-68497","post","type-post","status-publish","format-standard","has-post-thumbnail","hentry","category-cronica"],"_links":{"self":[{"href":"https:\/\/www.radiopresidenteibanez.cl\/web\/wp-json\/wp\/v2\/posts\/68497","targetHints":{"allow":["GET"]}}],"collection":[{"href":"https:\/\/www.radiopresidenteibanez.cl\/web\/wp-json\/wp\/v2\/posts"}],"about":[{"href":"https:\/\/www.radiopresidenteibanez.cl\/web\/wp-json\/wp\/v2\/types\/post"}],"author":[{"embeddable":true,"href":"https:\/\/www.radiopresidenteibanez.cl\/web\/wp-json\/wp\/v2\/users\/2"}],"replies":[{"embeddable":true,"href":"https:\/\/www.radiopresidenteibanez.cl\/web\/wp-json\/wp\/v2\/comments?post=68497"}],"version-history":[{"count":1,"href":"https:\/\/www.radiopresidenteibanez.cl\/web\/wp-json\/wp\/v2\/posts\/68497\/revisions"}],"predecessor-version":[{"id":68499,"href":"https:\/\/www.radiopresidenteibanez.cl\/web\/wp-json\/wp\/v2\/posts\/68497\/revisions\/68499"}],"wp:featuredmedia":[{"embeddable":true,"href":"https:\/\/www.radiopresidenteibanez.cl\/web\/wp-json\/wp\/v2\/media\/68498"}],"wp:attachment":[{"href":"https:\/\/www.radiopresidenteibanez.cl\/web\/wp-json\/wp\/v2\/media?parent=68497"}],"wp:term":[{"taxonomy":"category","embeddable":true,"href":"https:\/\/www.radiopresidenteibanez.cl\/web\/wp-json\/wp\/v2\/categories?post=68497"},{"taxonomy":"post_tag","embeddable":true,"href":"https:\/\/www.radiopresidenteibanez.cl\/web\/wp-json\/wp\/v2\/tags?post=68497"}],"curies":[{"name":"wp","href":"https:\/\/api.w.org\/{rel}","templated":true}]}}