{"id":68494,"date":"2026-09-03T15:22:57","date_gmt":"2026-09-03T18:22:57","guid":{"rendered":"https:\/\/www.radiopresidenteibanez.cl\/web\/?p=68494"},"modified":"2026-09-03T15:23:03","modified_gmt":"2026-09-03T18:23:03","slug":"cerca-de-400-personas-participaron-en-cultura-por-la-ninez-en-puerto-williams","status":"publish","type":"post","link":"https:\/\/www.radiopresidenteibanez.cl\/web\/cerca-de-400-personas-participaron-en-cultura-por-la-ninez-en-puerto-williams\/","title":{"rendered":"Cerca de 400 personas participaron en \u201cCultura por la Ni\u00f1ez\u201d en Puerto Williams"},"content":{"rendered":"\n<p class=\"wp-block-paragraph\">La iniciativa organizada por la Municipalidad de Cabo de Hornos reuni\u00f3 a ni\u00f1os, ni\u00f1as y sus familias en una jornada marcada por la entretenci\u00f3n, la cultura y los espacios de encuentro familiar.<br>Una tarde de entretenci\u00f3n, juegos y encuentro familiar vivieron cerca de 400 personas que participaron en la actividad \u201cCultura por la Ni\u00f1ez\u201d, organizada por la Municipalidad de Cabo de Hornos en Puerto Williams.<br>La iniciativa convoc\u00f3 a ni\u00f1os y ni\u00f1as de la comuna junto a sus familias, quienes pudieron disfrutar de una variada programaci\u00f3n especialmente preparada para ellos, con distintas alternativas de recreaci\u00f3n y esparcimiento.<br>Durante la jornada se present\u00f3 un show infantil que incluy\u00f3 la participaci\u00f3n de un payaso y un mago, adem\u00e1s de juegos inflables, una zona especialmente habilitada para dibujos y diversas actividades recreativas, permitiendo que los m\u00e1s peque\u00f1os disfrutaran de una tarde diferente junto a sus familias.<br>La actividad se enmarca en el trabajo que desarrolla el municipio para generar espacios de participaci\u00f3n, encuentro y bienestar para la comunidad, poniendo especial \u00e9nfasis en la infancia y en la importancia de que ni\u00f1os y ni\u00f1as puedan acceder a actividades culturales y recreativas en la ciudad m\u00e1s austral del mundo.<br>El alcalde de Cabo de Hornos, Patricio Fern\u00e1ndez, destac\u00f3 la importancia de generar este tipo de instancias para las familias de la comuna.<br>\u201cComo Municipalidad de Cabo de Hornos queremos que nuestras vecinas y vecinos, y especialmente nuestros ni\u00f1os y ni\u00f1as, puedan disfrutar de espacios de encuentro, alegr\u00eda y bienestar. Sabemos que las familias necesitan tambi\u00e9n momentos para compartir y disfrutar juntos, y nuestro compromiso es seguir generando actividades que contribuyan a mejorar la calidad de vida de nuestra comunidad. Esta jornada demuestra que en Puerto Williams tenemos una comunidad activa y participativa, y para nosotros es una enorme satisfacci\u00f3n poder entregar estos espacios a las familias\u201d.<br>Por su parte, el director de Desarrollo Comunitario (DIDECO), Sebasti\u00e1n Acosta, relev\u00f3 el papel que cumple el municipio en la promoci\u00f3n de la cultura y la generaci\u00f3n de oportunidades para la infancia.<br>\u201cLa cultura tambi\u00e9n se construye desde la infancia y como municipio tenemos la responsabilidad de acercarla a nuestros ni\u00f1os y ni\u00f1as, especialmente viviendo en la ciudad m\u00e1s austral del mundo. Queremos que las familias de Cabo de Hornos tengan acceso a actividades de calidad, que permitan compartir, desarrollar la creatividad y generar comunidad. \u2018Cultura por la Ni\u00f1ez\u2019 es precisamente eso, una instancia donde nuestros ni\u00f1os y ni\u00f1as son protagonistas y donde sus familias tambi\u00e9n encuentran un espacio para participar y disfrutar\u201d.<br>Desde el municipio se\u00f1alaron que este tipo de iniciativas buscan fortalecer los espacios de encuentro comunitario y continuar acercando la cultura, la recreaci\u00f3n y las actividades familiares a los habitantes de Cabo de Hornos.<\/p>\n","protected":false},"excerpt":{"rendered":"<p>La iniciativa organizada por la Municipalidad de Cabo de Hornos reuni\u00f3 a ni\u00f1os, ni\u00f1as y sus familias en una jornada marcada por la entretenci\u00f3n, la cultura y los espacios de&#8230; <a class=\"read-more\" href=\"https:\/\/www.radiopresidenteibanez.cl\/web\/cerca-de-400-personas-participaron-en-cultura-por-la-ninez-en-puerto-williams\/\">Leer m\u00e1s<\/a><\/p>\n","protected":false},"author":2,"featured_media":68495,"comment_status":"closed","ping_status":"closed","sticky":false,"template":"","format":"standard","meta":{"footnotes":""},"categories":[1],"tags":[],"class_list":["post-68494","post","type-post","status-publish","format-standard","has-post-thumbnail","hentry","category-cronica"],"_links":{"self":[{"href":"https:\/\/www.radiopresidenteibanez.cl\/web\/wp-json\/wp\/v2\/posts\/68494","targetHints":{"allow":["GET"]}}],"collection":[{"href":"https:\/\/www.radiopresidenteibanez.cl\/web\/wp-json\/wp\/v2\/posts"}],"about":[{"href":"https:\/\/www.radiopresidenteibanez.cl\/web\/wp-json\/wp\/v2\/types\/post"}],"author":[{"embeddable":true,"href":"https:\/\/www.radiopresidenteibanez.cl\/web\/wp-json\/wp\/v2\/users\/2"}],"replies":[{"embeddable":true,"href":"https:\/\/www.radiopresidenteibanez.cl\/web\/wp-json\/wp\/v2\/comments?post=68494"}],"version-history":[{"count":1,"href":"https:\/\/www.radiopresidenteibanez.cl\/web\/wp-json\/wp\/v2\/posts\/68494\/revisions"}],"predecessor-version":[{"id":68496,"href":"https:\/\/www.radiopresidenteibanez.cl\/web\/wp-json\/wp\/v2\/posts\/68494\/revisions\/68496"}],"wp:featuredmedia":[{"embeddable":true,"href":"https:\/\/www.radiopresidenteibanez.cl\/web\/wp-json\/wp\/v2\/media\/68495"}],"wp:attachment":[{"href":"https:\/\/www.radiopresidenteibanez.cl\/web\/wp-json\/wp\/v2\/media?parent=68494"}],"wp:term":[{"taxonomy":"category","embeddable":true,"href":"https:\/\/www.radiopresidenteibanez.cl\/web\/wp-json\/wp\/v2\/categories?post=68494"},{"taxonomy":"post_tag","embeddable":true,"href":"https:\/\/www.radiopresidenteibanez.cl\/web\/wp-json\/wp\/v2\/tags?post=68494"}],"curies":[{"name":"wp","href":"https:\/\/api.w.org\/{rel}","templated":true}]}}