{"id":68487,"date":"2026-09-03T11:17:16","date_gmt":"2026-09-03T14:17:16","guid":{"rendered":"https:\/\/www.radiopresidenteibanez.cl\/web\/?p=68487"},"modified":"2026-09-03T11:17:19","modified_gmt":"2026-09-03T14:17:19","slug":"barometro-cadem-un-74-de-los-magallanicos-considera-a-la-salmonicultura-y-pesca-esencial-para-el-desarrollo-regional","status":"publish","type":"post","link":"https:\/\/www.radiopresidenteibanez.cl\/web\/barometro-cadem-un-74-de-los-magallanicos-considera-a-la-salmonicultura-y-pesca-esencial-para-el-desarrollo-regional\/","title":{"rendered":"Bar\u00f3metro Cadem: Un 74% de los magall\u00e1nicos considera a la salmonicultura y pesca esencial para el desarrollo regional"},"content":{"rendered":"\n<p class=\"wp-block-paragraph\">La quinta versi\u00f3n del Bar\u00f3metro de la Regi\u00f3n de Magallanes, elaborado por Cadem, muestra que un 71% de los habitantes de Punta Arenas, Puerto Natales y Porvenir menciona a la salmonicultura y la pesca como la actividad econ\u00f3mica m\u00e1s importante de la regi\u00f3n, y que un 74% la considera esencial para su desarrollo, cifra que sube por tercera medici\u00f3n consecutiva desde el 65% de 2024. El respaldo es transversal: alcanza un 88% en Porvenir y un 81% en Puerto Natales.<br>En la evaluaci\u00f3n por atributos, la industria obtiene sus mejores resultados justamente en aquello que hoy m\u00e1s preocupa a la regi\u00f3n: un 87% la eval\u00faa positivamente como generadora de empleo, un 79% como actor clave del desarrollo econ\u00f3mico regional y un 70% considera que aporta a mejorar los problemas de Magallanes, este \u00faltimo con seis puntos de alza respecto de la medici\u00f3n anterior.<br>\u201cLos magall\u00e1nicos identifican con claridad de d\u00f3nde vienen el empleo y la actividad en la regi\u00f3n, y eso es un reconocimiento al trabajo de miles de personas\u201d, afirm\u00f3 Francisca Rojas, gerente general de la Asociaci\u00f3n de Salmonicultores de Magallanes A.G. \u201cLa encuesta tambi\u00e9n muestra que la econom\u00eda, la inflaci\u00f3n y el empleo suben trece puntos como principal desaf\u00edo regional. La mejor respuesta que podemos dar a esa preocupaci\u00f3n no es celebrar los n\u00fameros, es crecer\u201d.<br>El gremio plante\u00f3 que existe hoy en Magallanes capacidad concreta de expansi\u00f3n que no se est\u00e1 materializando: hay proyectos con resoluci\u00f3n de calificaci\u00f3n ambiental favorable que permanecen detenidos por tr\u00e1mites administrativos pendientes, junto a instrumentos de planificaci\u00f3n a\u00fan no resueltos. Cada uno de esos procesos representa inversi\u00f3n que no se ejecuta y empleo que no se crea en la regi\u00f3n.<br>\u201cDestrabar lo que ya fue aprobado ambientalmente es la v\u00eda m\u00e1s r\u00e1pida y menos costosa para generar nuevos puestos de trabajo en Magallanes\u201d, sostuvo Rojas. \u201cY junto con eso necesitamos algo igual de importante: reglas estables en el tiempo. Ninguna inversi\u00f3n de largo plazo se decide sobre un marco normativo que cambia de forma impredecible. Certeza regulatoria y empleo son la misma conversaci\u00f3n\u201d.<br>El estudio tambi\u00e9n identifica los \u00e1mbitos donde la industria es evaluada con mayor exigencia: comportamiento \u00e9tico y transparente (47% de evaluaci\u00f3n positiva) y cuidado del medioambiente (45%), ambos con alzas de cinco y seis puntos respecto de 2025. \u201cVienen mejorando, pero no lo suficiente, y son parte de nuestra agenda\u201d, se\u00f1al\u00f3 Rojas. \u201cCrecer y hacerlo mejor no son objetivos que compitan entre s\u00ed: es exactamente lo que la regi\u00f3n nos est\u00e1 pidiendo\u201d.<\/p>\n","protected":false},"excerpt":{"rendered":"<p>La quinta versi\u00f3n del Bar\u00f3metro de la Regi\u00f3n de Magallanes, elaborado por Cadem, muestra que un 71% de los habitantes de Punta Arenas, Puerto Natales y Porvenir menciona a la&#8230; <a class=\"read-more\" href=\"https:\/\/www.radiopresidenteibanez.cl\/web\/barometro-cadem-un-74-de-los-magallanicos-considera-a-la-salmonicultura-y-pesca-esencial-para-el-desarrollo-regional\/\">Leer m\u00e1s<\/a><\/p>\n","protected":false},"author":2,"featured_media":68490,"comment_status":"closed","ping_status":"closed","sticky":false,"template":"","format":"standard","meta":{"footnotes":""},"categories":[1],"tags":[],"class_list":["post-68487","post","type-post","status-publish","format-standard","has-post-thumbnail","hentry","category-cronica"],"_links":{"self":[{"href":"https:\/\/www.radiopresidenteibanez.cl\/web\/wp-json\/wp\/v2\/posts\/68487","targetHints":{"allow":["GET"]}}],"collection":[{"href":"https:\/\/www.radiopresidenteibanez.cl\/web\/wp-json\/wp\/v2\/posts"}],"about":[{"href":"https:\/\/www.radiopresidenteibanez.cl\/web\/wp-json\/wp\/v2\/types\/post"}],"author":[{"embeddable":true,"href":"https:\/\/www.radiopresidenteibanez.cl\/web\/wp-json\/wp\/v2\/users\/2"}],"replies":[{"embeddable":true,"href":"https:\/\/www.radiopresidenteibanez.cl\/web\/wp-json\/wp\/v2\/comments?post=68487"}],"version-history":[{"count":1,"href":"https:\/\/www.radiopresidenteibanez.cl\/web\/wp-json\/wp\/v2\/posts\/68487\/revisions"}],"predecessor-version":[{"id":68491,"href":"https:\/\/www.radiopresidenteibanez.cl\/web\/wp-json\/wp\/v2\/posts\/68487\/revisions\/68491"}],"wp:featuredmedia":[{"embeddable":true,"href":"https:\/\/www.radiopresidenteibanez.cl\/web\/wp-json\/wp\/v2\/media\/68490"}],"wp:attachment":[{"href":"https:\/\/www.radiopresidenteibanez.cl\/web\/wp-json\/wp\/v2\/media?parent=68487"}],"wp:term":[{"taxonomy":"category","embeddable":true,"href":"https:\/\/www.radiopresidenteibanez.cl\/web\/wp-json\/wp\/v2\/categories?post=68487"},{"taxonomy":"post_tag","embeddable":true,"href":"https:\/\/www.radiopresidenteibanez.cl\/web\/wp-json\/wp\/v2\/tags?post=68487"}],"curies":[{"name":"wp","href":"https:\/\/api.w.org\/{rel}","templated":true}]}}