{"id":68484,"date":"2026-09-03T10:22:37","date_gmt":"2026-09-03T13:22:37","guid":{"rendered":"https:\/\/www.radiopresidenteibanez.cl\/web\/?p=68484"},"modified":"2026-09-03T10:22:43","modified_gmt":"2026-09-03T13:22:43","slug":"mop-da-el-vamos-al-anhelado-proyecto-de-iluminacion-de-la-ruta-hacia-el-aeropuerto-de-punta-arenas","status":"publish","type":"post","link":"https:\/\/www.radiopresidenteibanez.cl\/web\/mop-da-el-vamos-al-anhelado-proyecto-de-iluminacion-de-la-ruta-hacia-el-aeropuerto-de-punta-arenas\/","title":{"rendered":"MOP da el vamos al anhelado proyecto de iluminaci\u00f3n de la ruta hacia el Aeropuerto de Punta Arenas"},"content":{"rendered":"\n<p class=\"wp-block-paragraph\">El biministro de Obras P\u00fablicas y Transportes y Telecomunicaciones, Louis de Grange, encabez\u00f3 esta ma\u00f1ana la ceremonia de primera piedra del mejoramiento de la Ruta 9, que conecta el sector del Barrio Industrial de Punta Arenas y el acceso al Aeropuerto Presidente Carlos Ib\u00e1\u00f1ez del Campo.<\/p>\n\n\n\n<p class=\"wp-block-paragraph\">\u201cLlegamos ayer a la regi\u00f3n junto al Presidente Jos\u00e9 Antonio Kast y hoy estamos entregando buenas noticias. Estamos dando inicio al mejoramiento de la Ruta 9 que entrega una conexi\u00f3n importante, no s\u00f3lo hacia el aeropuerto, sino que tambi\u00e9n para las comunidades locales. Se trata de un conjunto de obras, que van a mejorar los est\u00e1ndares de seguridad, tanto para los automovilistas, como los peatones\u201d, inform\u00f3 el biministro Louis de Grange.<\/p>\n\n\n\n<p class=\"wp-block-paragraph\">El secretario de Estado explic\u00f3 que: \u201cla seguridad vial es una prioridad del gobierno y este proyecto, contempla un nuevo sistema de iluminaci\u00f3n y nuevas conexiones locales, que van a dar mayor seguridad al tr\u00e1nsito en esta ruta estrat\u00e9gica\u201d.<\/p>\n\n\n\n<p class=\"wp-block-paragraph\">\u201cEsta era una obra largamente anhelada, que contempla una inversi\u00f3n total de US$25 millones y tendr\u00e1 un gran impacto para la conectividad, la econom\u00eda local y la calidad de vida de los habitantes de la ciudad\u201d, agreg\u00f3 Louis de Grange.&nbsp;<\/p>\n\n\n\n<p class=\"wp-block-paragraph\">El proyecto, a cargo de la Direcci\u00f3n de Vialidad del MOP, contempla el mejoramiento de la Ruta 9 Norte entre el km 7,72, en el sector Barrio Industrial, y la intersecci\u00f3n con la Ruta 252-CH en el km 18,4, extendi\u00e9ndose posteriormente hasta la ruta hasta el Aeropuerto Presidente Carlos Ib\u00e1\u00f1ez del Campo, en una extensi\u00f3n aproximada de 12 km.<\/p>\n\n\n\n<p class=\"wp-block-paragraph\">Entre las principales obras se considera el reemplazo e implementaci\u00f3n de un sistema de iluminaci\u00f3n en la Ruta 9 Norte, la Ruta 252-CH y sus intersecciones; el mejoramiento de diversas conexiones con caminos secundarios; la pavimentaci\u00f3n en hormig\u00f3n de aproximadamente 11 km de caleteras o calles de servicio; la renovaci\u00f3n de barreras de contenci\u00f3n, se\u00f1alizaci\u00f3n y demarcaci\u00f3n, entre otros.&nbsp;<\/p>\n\n\n\n<p class=\"wp-block-paragraph\">El proyecto contempla la instalaci\u00f3n en total de 453 postes de alumbrado p\u00fablico, entre estructuras simples y dobles, permitiendo la habilitaci\u00f3n de un total de 673 luminarias a lo largo de la Ruta 9 Norte.&nbsp;<\/p>\n\n\n\n<p class=\"wp-block-paragraph\">Se trata de luminarias con tecnolog\u00eda LED de alta potencia y eficiencia energ\u00e9tica, proporcionando iluminaci\u00f3n de luz blanca. Este sistema mejorar\u00e1 las condiciones de visibilidad y seguridad para quienes transitan por esta importante v\u00eda, adem\u00e1s de ofrecer una mayor vida \u00fatil y un menor consumo energ\u00e9tico, contribuyendo a una infraestructura m\u00e1s moderna, sostenible y acorde a los est\u00e1ndares actuales de seguridad.<\/p>\n\n\n\n<p class=\"wp-block-paragraph\">De acuerdo al cronograma, los trabajos se desarrollar\u00e1n en un plazo de 990 d\u00edas, por lo que estar\u00e1n terminados durante el a\u00f1o 2029.<\/p>\n\n\n\n<p class=\"wp-block-paragraph\">Durante la ceremonia de primera piedra, tambi\u00e9n participaron la delegada presidencial,&nbsp; Ericka Far\u00edas y el alcalde de Punta Arenas, Claudio Radonich, adem\u00e1s de representantes de los gremios del transporte, portuario y de las juntas de vecinos locales.<\/p>\n","protected":false},"excerpt":{"rendered":"<p>El biministro de Obras P\u00fablicas y Transportes y Telecomunicaciones, Louis de Grange, encabez\u00f3 esta ma\u00f1ana la ceremonia de primera piedra del mejoramiento de la Ruta 9, que conecta el sector&#8230; <a class=\"read-more\" href=\"https:\/\/www.radiopresidenteibanez.cl\/web\/mop-da-el-vamos-al-anhelado-proyecto-de-iluminacion-de-la-ruta-hacia-el-aeropuerto-de-punta-arenas\/\">Leer m\u00e1s<\/a><\/p>\n","protected":false},"author":2,"featured_media":68485,"comment_status":"closed","ping_status":"closed","sticky":false,"template":"","format":"standard","meta":{"footnotes":""},"categories":[1],"tags":[],"class_list":["post-68484","post","type-post","status-publish","format-standard","has-post-thumbnail","hentry","category-cronica"],"_links":{"self":[{"href":"https:\/\/www.radiopresidenteibanez.cl\/web\/wp-json\/wp\/v2\/posts\/68484","targetHints":{"allow":["GET"]}}],"collection":[{"href":"https:\/\/www.radiopresidenteibanez.cl\/web\/wp-json\/wp\/v2\/posts"}],"about":[{"href":"https:\/\/www.radiopresidenteibanez.cl\/web\/wp-json\/wp\/v2\/types\/post"}],"author":[{"embeddable":true,"href":"https:\/\/www.radiopresidenteibanez.cl\/web\/wp-json\/wp\/v2\/users\/2"}],"replies":[{"embeddable":true,"href":"https:\/\/www.radiopresidenteibanez.cl\/web\/wp-json\/wp\/v2\/comments?post=68484"}],"version-history":[{"count":1,"href":"https:\/\/www.radiopresidenteibanez.cl\/web\/wp-json\/wp\/v2\/posts\/68484\/revisions"}],"predecessor-version":[{"id":68486,"href":"https:\/\/www.radiopresidenteibanez.cl\/web\/wp-json\/wp\/v2\/posts\/68484\/revisions\/68486"}],"wp:featuredmedia":[{"embeddable":true,"href":"https:\/\/www.radiopresidenteibanez.cl\/web\/wp-json\/wp\/v2\/media\/68485"}],"wp:attachment":[{"href":"https:\/\/www.radiopresidenteibanez.cl\/web\/wp-json\/wp\/v2\/media?parent=68484"}],"wp:term":[{"taxonomy":"category","embeddable":true,"href":"https:\/\/www.radiopresidenteibanez.cl\/web\/wp-json\/wp\/v2\/categories?post=68484"},{"taxonomy":"post_tag","embeddable":true,"href":"https:\/\/www.radiopresidenteibanez.cl\/web\/wp-json\/wp\/v2\/tags?post=68484"}],"curies":[{"name":"wp","href":"https:\/\/api.w.org\/{rel}","templated":true}]}}