{"id":68473,"date":"2026-09-03T08:28:34","date_gmt":"2026-09-03T11:28:34","guid":{"rendered":"https:\/\/www.radiopresidenteibanez.cl\/web\/?p=68473"},"modified":"2026-09-03T08:28:36","modified_gmt":"2026-09-03T11:28:36","slug":"anfusenda-entrega-carta-al-presidente-kast-y-plantea-preocupacion-por-el-futuro-de-senda","status":"publish","type":"post","link":"https:\/\/www.radiopresidenteibanez.cl\/web\/anfusenda-entrega-carta-al-presidente-kast-y-plantea-preocupacion-por-el-futuro-de-senda\/","title":{"rendered":"ANFUSENDA ENTREGA CARTA AL PRESIDENTE KAST Y PLANTEA PREOCUPACI\u00d3N POR EL FUTURO DE SENDA"},"content":{"rendered":"\n<p class=\"wp-block-paragraph\">En el marco de la visita del Presidente de la Rep\u00fablica, Jos\u00e9 Antonio Kast, a la Regi\u00f3n de Magallanes y de la Ant\u00e1rtica Chilena, ANFUSENDA entreg\u00f3 una carta al Mandatario para manifestar su preocupaci\u00f3n ante los anuncios asociados al Plan Chile Cuida a los Ni\u00f1os y sus eventuales implicancias para el futuro institucional de SENDA.<br>La dirigenta nacional de ANFUSENDA, Soledad Ruiz Ovando, sostuvo una conversaci\u00f3n directa con el Presidente Jos\u00e9 Antonio Kast y con el biministro del Interior y de la Secretar\u00eda General de Gobierno, Claudio Alvarado Andrade, oportunidad en la que plante\u00f3 la necesidad de contar con informaci\u00f3n, certezas y participaci\u00f3n de las trabajadoras y trabajadores ante cualquier eventual modificaci\u00f3n de la dependencia institucional del Servicio.<br>Durante el encuentro, el Presidente Kast manifest\u00f3 su disposici\u00f3n al di\u00e1logo y se\u00f1al\u00f3 que ninguna decisi\u00f3n ser\u00e1 tomada a espaldas de los servicios p\u00fablicos ni de sus trabajadoras y trabajadores, indicando adem\u00e1s que cualquier modificaci\u00f3n de esta naturaleza deber\u00e1 ser planteada mediante un proyecto de ley.<br>Por su parte, el biministro Claudio Alvarado se\u00f1al\u00f3 que la revisi\u00f3n de la dependencia de SENDA responde a un criterio de pertinencia institucional, indicando que el Ministerio del Interior no ser\u00eda considerado la mejor alternativa para el desarrollo futuro del Servicio.<br>Frente a este planteamiento, Ruiz sostuvo que precisamente la ubicaci\u00f3n de SENDA en Interior permite abordar la problem\u00e1tica del consumo de alcohol y otras drogas desde una perspectiva transversal e intersectorial, articulando acciones con \u00e1reas como seguridad p\u00fablica, salud, educaci\u00f3n, desarrollo social, infancia, trabajo y las comunidades.<br>\u201cEl trabajo de SENDA requiere coordinaci\u00f3n con distintos sectores del Estado y con los territorios. Por eso creemos que cualquier discusi\u00f3n sobre su dependencia debe considerar esa transversalidad y, sobre todo, la experiencia de quienes implementamos estas pol\u00edticas p\u00fablicas diariamente\u201d, se\u00f1al\u00f3 Soledad Ruiz Ovando.<br>Desde ANFUSENDA enfatizan que una eventual modificaci\u00f3n ministerial no puede ser entendida como una simple reorganizaci\u00f3n administrativa, debido a que podr\u00eda tener efectos sobre la continuidad, articulaci\u00f3n y capacidad del Estado para desarrollar pol\u00edticas de prevenci\u00f3n, tratamiento, rehabilitaci\u00f3n e integraci\u00f3n social.<br>La organizaci\u00f3n tambi\u00e9n plantea que cualquier decisi\u00f3n debe considerar las actuales capacidades institucionales de SENDA, incluyendo sus brechas de dotaci\u00f3n y de recursos humanos, as\u00ed como las condiciones en que actualmente sus funcionarias y funcionarios sostienen la continuidad de las prestaciones en los territorios.<\/p>\n\n\n\n<p class=\"wp-block-paragraph\">\u201cAntes de discutir cambios estructurales tenemos que mirar las capacidades reales de SENDA. Tenemos trabajadoras y trabajadores que enfrentan brechas de dotaci\u00f3n, asumen m\u00faltiples funciones y sostienen diariamente la atenci\u00f3n a las personas. Fortalecer el Estado tambi\u00e9n significa fortalecer a quienes implementan sus pol\u00edticas p\u00fablicas\u201d, agreg\u00f3 Ruiz.<br>ANFUSENDA activa gestiones con ANEF y FENAMINSA<br>La organizaci\u00f3n sindical inform\u00f3 adem\u00e1s que est\u00e1 desarrollando gestiones en distintos niveles para abordar conjuntamente el futuro de SENDA.<br>La presidenta nacional de ANFUSENDA, Carolina Hern\u00e1ndez Guzm\u00e1n, junto al tesorero nacional, Mauricio Far\u00edas, participan en la Asamblea Nacional de ANEF, instancia en la que plantear\u00e1n esta situaci\u00f3n con el objetivo de promover una posici\u00f3n y acci\u00f3n gremial conjunta frente a los eventuales cambios institucionales.<br>Asimismo, ANFUSENDA, en coordinaci\u00f3n con FENAMINSA, solicit\u00f3 una reuni\u00f3n con el Subsecretario del Interior, con el prop\u00f3sito de generar un espacio formal de di\u00e1logo y abordar conjuntamente las implicancias de los anuncios para SENDA y sus trabajadoras y trabajadores.<br>\u201cComo organizaci\u00f3n nacional estamos desplegando todas las gestiones necesarias para que esta discusi\u00f3n no se haga sin las trabajadoras y trabajadores de SENDA. Queremos di\u00e1logo, pero un di\u00e1logo informado, transparente y con participaci\u00f3n efectiva. Este servicio tiene presencia en todo Chile, experiencia acumulada y una responsabilidad fundamental con las personas, las familias y las comunidades\u201d, afirm\u00f3 la presidenta nacional de ANFUSENDA, Carolina Hern\u00e1ndez Guzm\u00e1n.<br>A\u00f1adi\u00f3 que la organizaci\u00f3n est\u00e1 desplegada en todo el territorio nacional con directoras y directores regionales del gremio con quienes se est\u00e1n trabajando los pasos futuros para defender y fortalecer el servicio.<br>Carolina Hern\u00e1ndez, sostuvo que \u201creafirmamos nuestra disposici\u00f3n a dialogar con las autoridades y a contribuir t\u00e9cnicamente a cualquier discusi\u00f3n sobre el futuro de SENDA, pero que las modificaciones deben considerar la experiencia de sus trabajadoras y trabajadores, las capacidades reales del Servicio, la continuidad de las pol\u00edticas p\u00fablicas y el impacto que las decisiones institucionales tendr\u00e1n en las personas que requieren prevenci\u00f3n, tratamiento e integraci\u00f3n social en todo el pa\u00eds\u201d.<\/p>\n","protected":false},"excerpt":{"rendered":"<p>En el marco de la visita del Presidente de la Rep\u00fablica, Jos\u00e9 Antonio Kast, a la Regi\u00f3n de Magallanes y de la Ant\u00e1rtica Chilena, ANFUSENDA entreg\u00f3 una carta al Mandatario&#8230; <a class=\"read-more\" href=\"https:\/\/www.radiopresidenteibanez.cl\/web\/anfusenda-entrega-carta-al-presidente-kast-y-plantea-preocupacion-por-el-futuro-de-senda\/\">Leer m\u00e1s<\/a><\/p>\n","protected":false},"author":2,"featured_media":68474,"comment_status":"closed","ping_status":"closed","sticky":false,"template":"","format":"standard","meta":{"footnotes":""},"categories":[1],"tags":[],"class_list":["post-68473","post","type-post","status-publish","format-standard","has-post-thumbnail","hentry","category-cronica"],"_links":{"self":[{"href":"https:\/\/www.radiopresidenteibanez.cl\/web\/wp-json\/wp\/v2\/posts\/68473","targetHints":{"allow":["GET"]}}],"collection":[{"href":"https:\/\/www.radiopresidenteibanez.cl\/web\/wp-json\/wp\/v2\/posts"}],"about":[{"href":"https:\/\/www.radiopresidenteibanez.cl\/web\/wp-json\/wp\/v2\/types\/post"}],"author":[{"embeddable":true,"href":"https:\/\/www.radiopresidenteibanez.cl\/web\/wp-json\/wp\/v2\/users\/2"}],"replies":[{"embeddable":true,"href":"https:\/\/www.radiopresidenteibanez.cl\/web\/wp-json\/wp\/v2\/comments?post=68473"}],"version-history":[{"count":1,"href":"https:\/\/www.radiopresidenteibanez.cl\/web\/wp-json\/wp\/v2\/posts\/68473\/revisions"}],"predecessor-version":[{"id":68475,"href":"https:\/\/www.radiopresidenteibanez.cl\/web\/wp-json\/wp\/v2\/posts\/68473\/revisions\/68475"}],"wp:featuredmedia":[{"embeddable":true,"href":"https:\/\/www.radiopresidenteibanez.cl\/web\/wp-json\/wp\/v2\/media\/68474"}],"wp:attachment":[{"href":"https:\/\/www.radiopresidenteibanez.cl\/web\/wp-json\/wp\/v2\/media?parent=68473"}],"wp:term":[{"taxonomy":"category","embeddable":true,"href":"https:\/\/www.radiopresidenteibanez.cl\/web\/wp-json\/wp\/v2\/categories?post=68473"},{"taxonomy":"post_tag","embeddable":true,"href":"https:\/\/www.radiopresidenteibanez.cl\/web\/wp-json\/wp\/v2\/tags?post=68473"}],"curies":[{"name":"wp","href":"https:\/\/api.w.org\/{rel}","templated":true}]}}