{"id":68456,"date":"2026-09-02T15:19:00","date_gmt":"2026-09-02T18:19:00","guid":{"rendered":"https:\/\/www.radiopresidenteibanez.cl\/web\/?p=68456"},"modified":"2026-09-02T11:21:08","modified_gmt":"2026-09-02T14:21:08","slug":"agia-fortalece-alianzas-en-natales-y-proyecta-participacion-territorial-en-la-expo-magallanes-2027","status":"publish","type":"post","link":"https:\/\/www.radiopresidenteibanez.cl\/web\/agia-fortalece-alianzas-en-natales-y-proyecta-participacion-territorial-en-la-expo-magallanes-2027\/","title":{"rendered":"AGIA fortalece alianzas en Natales y proyecta participaci\u00f3n territorial en la Expo Magallanes 2027"},"content":{"rendered":"\n<p class=\"wp-block-paragraph\">AGIA Magallanes desarroll\u00f3 una intensa agenda de trabajo en la provincia de \u00daltima Esperanza, con reuniones junto a representantes del sector p\u00fablico y privado para impulsar iniciativas colaborativas y fortalecer la participaci\u00f3n de emprendedores, artesanos e industrias en la pr\u00f3xima Expo Magallanes.<br>La comitiva estuvo encabezada por el presidente, C\u00e9sar Alderete, junto a parte del equipo directivo, quienes sostuvieron encuentros orientados a establecer alianzas de colaboraci\u00f3n, generar proyectos conjuntos y acercar las herramientas de apoyo disponibles a los emprendedores y asociados de la zona.<br>Una de las citas se desarroll\u00f3 con el Centro de Negocios Sercotec Puerto Natales, instancia en la que se reunieron con su jefe, Francisco Caro. Durante el encuentro se abordaron alternativas para generar alianzas colaborativas, coordinando futuras actividades, asesor\u00edas directas y herramientas de fomento destinadas a emprendedores y empresarios de la provincia.<br>Asimismo, se sostuvieron reuniones protocolares y de trabajo con la Municipalidad de la comuna, representada por la directora de DIDEL, Maritza Vera, y la jefa de Fomento Productivo, Claudia S\u00e1nchez. En la instancia se analizaron distintas posibilidades de colaboraci\u00f3n para impulsar iniciativas que beneficien a artesanos, peque\u00f1as y medianas empresas e industrias de la provincia, mediante proyectos, actividades y alianzas p\u00fablico-privadas.<br>La agenda tambi\u00e9n contempl\u00f3 un encuentro con AquaChile, donde la comitiva gremial se reuni\u00f3 con su encargada de Asuntos P\u00fablicos, Antonieta de la Barra. Durante la jornada, la empresa present\u00f3 aspectos relacionados con el ciclo productivo, la innovaci\u00f3n tecnol\u00f3gica y el desarrollo de la industria acu\u00edcola regional, adem\u00e1s de abordar oportunidades de integraci\u00f3n comercial e industrial con actores locales.<br>El presidente de AGIA Magallanes, C\u00e9sar Alderete Herrera, destac\u00f3 la importancia de fortalecer el trabajo territorial y generar espacios de encuentro que permitan incorporar a las distintas comunas de la regi\u00f3n a las iniciativas impulsadas por el gremio.<\/p>\n\n\n\n<p class=\"wp-block-paragraph\">\u201cComo AGIA Magallanes tenemos el firme compromiso de que nuestro trabajo gremial llegue a todo el territorio. Puerto Natales y la provincia de \u00daltima Esperanza tienen una enorme fuerza emprendedora, artesanal e industrial, y queremos que esa realidad tenga un espacio protag\u00f3nico en nuestras iniciativas. Por eso, esta gira es muy importante: estamos construyendo alianzas y escuchando a los distintos actores para que sean parte activa de la Expo Magallanes 2027\u201d, se\u00f1al\u00f3 Alderete.<br>El dirigente agreg\u00f3 que la pr\u00f3xima versi\u00f3n de la Expo Magallanes representa una oportunidad para visibilizar el talento y la capacidad productiva de las distintas comunas, generando un espacio de encuentro entre emprendedores, empresarios, instituciones y la comunidad.<br>\u201cQueremos que la Expo Magallanes 2027 sea verdaderamente regional, que no se concentre solamente en Punta Arenas, sino que represente a Magallanes en toda su diversidad. Nuestra intenci\u00f3n es abrir las puertas para que emprendedores, artesanos, empresas e instituciones de \u00daltima Esperanza y de las dem\u00e1s provincias puedan mostrar lo que hacen, generar contactos y encontrar nuevas oportunidades de crecimiento\u201d, enfatiz\u00f3 el presidente de AGIA Magallanes.<br>Esta gira territorial reafirma el compromiso de AGIA Magallanes con la descentralizaci\u00f3n de la gesti\u00f3n gremial, fortaleciendo la presencia de la organizaci\u00f3n en las distintas comunas de la regi\u00f3n y consolidando redes de colaboraci\u00f3n entre el sector p\u00fablico, privado y productivo.<\/p>\n","protected":false},"excerpt":{"rendered":"<p>AGIA Magallanes desarroll\u00f3 una intensa agenda de trabajo en la provincia de \u00daltima Esperanza, con reuniones junto a representantes del sector p\u00fablico y privado para impulsar iniciativas colaborativas y fortalecer&#8230; <a class=\"read-more\" href=\"https:\/\/www.radiopresidenteibanez.cl\/web\/agia-fortalece-alianzas-en-natales-y-proyecta-participacion-territorial-en-la-expo-magallanes-2027\/\">Leer m\u00e1s<\/a><\/p>\n","protected":false},"author":2,"featured_media":68457,"comment_status":"closed","ping_status":"closed","sticky":false,"template":"","format":"standard","meta":{"footnotes":""},"categories":[1],"tags":[],"class_list":["post-68456","post","type-post","status-publish","format-standard","has-post-thumbnail","hentry","category-cronica"],"_links":{"self":[{"href":"https:\/\/www.radiopresidenteibanez.cl\/web\/wp-json\/wp\/v2\/posts\/68456","targetHints":{"allow":["GET"]}}],"collection":[{"href":"https:\/\/www.radiopresidenteibanez.cl\/web\/wp-json\/wp\/v2\/posts"}],"about":[{"href":"https:\/\/www.radiopresidenteibanez.cl\/web\/wp-json\/wp\/v2\/types\/post"}],"author":[{"embeddable":true,"href":"https:\/\/www.radiopresidenteibanez.cl\/web\/wp-json\/wp\/v2\/users\/2"}],"replies":[{"embeddable":true,"href":"https:\/\/www.radiopresidenteibanez.cl\/web\/wp-json\/wp\/v2\/comments?post=68456"}],"version-history":[{"count":1,"href":"https:\/\/www.radiopresidenteibanez.cl\/web\/wp-json\/wp\/v2\/posts\/68456\/revisions"}],"predecessor-version":[{"id":68458,"href":"https:\/\/www.radiopresidenteibanez.cl\/web\/wp-json\/wp\/v2\/posts\/68456\/revisions\/68458"}],"wp:featuredmedia":[{"embeddable":true,"href":"https:\/\/www.radiopresidenteibanez.cl\/web\/wp-json\/wp\/v2\/media\/68457"}],"wp:attachment":[{"href":"https:\/\/www.radiopresidenteibanez.cl\/web\/wp-json\/wp\/v2\/media?parent=68456"}],"wp:term":[{"taxonomy":"category","embeddable":true,"href":"https:\/\/www.radiopresidenteibanez.cl\/web\/wp-json\/wp\/v2\/categories?post=68456"},{"taxonomy":"post_tag","embeddable":true,"href":"https:\/\/www.radiopresidenteibanez.cl\/web\/wp-json\/wp\/v2\/tags?post=68456"}],"curies":[{"name":"wp","href":"https:\/\/api.w.org\/{rel}","templated":true}]}}