{"id":68453,"date":"2026-09-02T13:39:00","date_gmt":"2026-09-02T16:39:00","guid":{"rendered":"https:\/\/www.radiopresidenteibanez.cl\/web\/?p=68453"},"modified":"2026-09-02T11:11:39","modified_gmt":"2026-09-02T14:11:39","slug":"subsidio-al-empleo-comienza-a-hacerse-realidad-en-magallanes-primeras-empresas-ya-reciben-pagos-por-nuevas-contrataciones","status":"publish","type":"post","link":"https:\/\/www.radiopresidenteibanez.cl\/web\/subsidio-al-empleo-comienza-a-hacerse-realidad-en-magallanes-primeras-empresas-ya-reciben-pagos-por-nuevas-contrataciones\/","title":{"rendered":"Subsidio al Empleo comienza a hacerse realidad en Magallanes: primeras empresas ya reciben pagos por nuevas contrataciones"},"content":{"rendered":"\n<p class=\"wp-block-paragraph\">Lo que comenz\u00f3 con una postulaci\u00f3n, hoy se transforma en un apoyo concreto para las empresas que est\u00e1n generando nuevos puestos de trabajo en la zona. Este martes 1 de septiembre comenz\u00f3 oficialmente el pago del Subsidio a la Contrataci\u00f3n, L\u00ednea de Activaci\u00f3n Laboral 2026, y las primeras empresas de Magallanes ya est\u00e1n recibiendo los recursos asociados a sus nuevas contrataciones.<br>Para marcar este hito, el seremi del Trabajo y Previsi\u00f3n Social, Jos\u00e9 Miguel Salas, visit\u00f3 durante esta jornada la Constructora Impex, empresa que recibi\u00f3 el pago correspondiente a la contrataci\u00f3n de tres personas trabajadoras, a quienes postul\u00f3 durante el mes de julio.<br>La empresa ya ha ingresado m\u00e1s de 20 postulaciones al beneficio, convirti\u00e9ndose en un ejemplo del inter\u00e9s que existe entre los empleadores por acceder a esta herramienta de apoyo a la contrataci\u00f3n formal.<br>\u201cHoy estamos viendo c\u00f3mo este subsidio se transforma en un apoyo concreto para las empresas de nuestra regi\u00f3n. Las primeras empresas que postularon oportunamente ya est\u00e1n recibiendo sus pagos, y eso es una muy buena noticia, porque detr\u00e1s de cada uno de estos beneficios hay personas que encontraron una oportunidad laboral y empresas que est\u00e1n apostando por contratar formalmente\u201d, destac\u00f3 el seremi Jos\u00e9 Miguel Salas.<br>La autoridad agreg\u00f3 que \u201cpor lo mismo, hoy estuvimos en la empresa Impex, constatando de primera fuente c\u00f3mo se vivi\u00f3 este proceso y nuestro llamado es a que m\u00e1s empresas conozcan este instrumento, revisen los requisitos y puedan utilizarlo\u201d.<br>El Subsidio a la Contrataci\u00f3n tiene como objetivo apoyar la contrataci\u00f3n formal de nuevas personas trabajadoras por parte de empresas privadas, mediante una bonificaci\u00f3n de hasta un 50% del Ingreso M\u00ednimo Mensual por cada trabajador y de hasta un 60% en el caso de cada trabajadora. La iniciativa contempla una meta de cobertura de 25 mil nuevos puestos de trabajo a nivel nacional.<\/p>\n\n\n\n<p class=\"wp-block-paragraph\">Impex: \u201cEs un incentivo real para seguir con nuevas contrataciones\u201d<br>Desde Constructora Impex valoraron que el beneficio ya est\u00e9 llegando directamente a las empresas. Su gerente de Administraci\u00f3n y Finanzas, Jos\u00e9 Ojeda, explic\u00f3 que la compa\u00f1\u00eda postul\u00f3 durante el mes de julio a tres personas trabajadoras y que este martes recibi\u00f3 el pago correspondiente.<br>\u201cPartimos en cuando nos enteramos de este beneficio, en julio las primeras postulaciones que realizamos, de las cuales ya tuvimos resultados hoy d\u00eda. Es muy importante para nosotros haber recibido este beneficio, sobre todo en estos momentos. Es un incentivo real para seguir con nuevas contrataciones\u201d, declar\u00f3.<br>\u201cSin lugar a dudas, creo que es un buen incentivo que a cualquier empresa le va a ayudar. Es un proceso simple, muy r\u00e1pido. As\u00ed que, estamos felices con este beneficio\u201d, agreg\u00f3 Ojeda.<br>El ejecutivo destac\u00f3 adem\u00e1s la experiencia de la empresa con el instrumento, considerando que ya han ingresado m\u00e1s de 20 postulaciones, lo que da cuenta del inter\u00e9s por utilizar este mecanismo para apoyar sus procesos de contrataci\u00f3n.<\/p>\n\n\n\n<p class=\"wp-block-paragraph\">Primeros pagos ya est\u00e1n en marcha<br>De acuerdo con los antecedentes del primer proceso, durante julio se registraron 14.055 postulaciones v\u00e1lidamente realizadas a nivel nacional. En Magallanes, fueron 17 empresas las que realizaron postulaciones por un total de 29 trabajadores.<br>El proceso de postulaci\u00f3n se encuentra abierto desde el 15 de julio de 2026 y el beneficio contempla hasta cuatro pagos para aquellas postulaciones realizadas durante julio y agosto, dependiendo del cumplimiento de los requisitos establecidos.<br>As\u00ed, el inicio de los pagos marca un nuevo hito para el Subsidio a la Contrataci\u00f3n en Magallanes: las postulaciones comienzan a traducirse en recursos efectivos para las empresas y en un respaldo concreto a la generaci\u00f3n de empleo formal en la regi\u00f3n.<\/p>\n","protected":false},"excerpt":{"rendered":"<p>Lo que comenz\u00f3 con una postulaci\u00f3n, hoy se transforma en un apoyo concreto para las empresas que est\u00e1n generando nuevos puestos de trabajo en la zona. Este martes 1 de&#8230; <a class=\"read-more\" href=\"https:\/\/www.radiopresidenteibanez.cl\/web\/subsidio-al-empleo-comienza-a-hacerse-realidad-en-magallanes-primeras-empresas-ya-reciben-pagos-por-nuevas-contrataciones\/\">Leer m\u00e1s<\/a><\/p>\n","protected":false},"author":2,"featured_media":68454,"comment_status":"closed","ping_status":"closed","sticky":false,"template":"","format":"standard","meta":{"footnotes":""},"categories":[1],"tags":[],"class_list":["post-68453","post","type-post","status-publish","format-standard","has-post-thumbnail","hentry","category-cronica"],"_links":{"self":[{"href":"https:\/\/www.radiopresidenteibanez.cl\/web\/wp-json\/wp\/v2\/posts\/68453","targetHints":{"allow":["GET"]}}],"collection":[{"href":"https:\/\/www.radiopresidenteibanez.cl\/web\/wp-json\/wp\/v2\/posts"}],"about":[{"href":"https:\/\/www.radiopresidenteibanez.cl\/web\/wp-json\/wp\/v2\/types\/post"}],"author":[{"embeddable":true,"href":"https:\/\/www.radiopresidenteibanez.cl\/web\/wp-json\/wp\/v2\/users\/2"}],"replies":[{"embeddable":true,"href":"https:\/\/www.radiopresidenteibanez.cl\/web\/wp-json\/wp\/v2\/comments?post=68453"}],"version-history":[{"count":1,"href":"https:\/\/www.radiopresidenteibanez.cl\/web\/wp-json\/wp\/v2\/posts\/68453\/revisions"}],"predecessor-version":[{"id":68455,"href":"https:\/\/www.radiopresidenteibanez.cl\/web\/wp-json\/wp\/v2\/posts\/68453\/revisions\/68455"}],"wp:featuredmedia":[{"embeddable":true,"href":"https:\/\/www.radiopresidenteibanez.cl\/web\/wp-json\/wp\/v2\/media\/68454"}],"wp:attachment":[{"href":"https:\/\/www.radiopresidenteibanez.cl\/web\/wp-json\/wp\/v2\/media?parent=68453"}],"wp:term":[{"taxonomy":"category","embeddable":true,"href":"https:\/\/www.radiopresidenteibanez.cl\/web\/wp-json\/wp\/v2\/categories?post=68453"},{"taxonomy":"post_tag","embeddable":true,"href":"https:\/\/www.radiopresidenteibanez.cl\/web\/wp-json\/wp\/v2\/tags?post=68453"}],"curies":[{"name":"wp","href":"https:\/\/api.w.org\/{rel}","templated":true}]}}