{"id":6845,"date":"2019-09-06T16:06:02","date_gmt":"2019-09-06T16:06:02","guid":{"rendered":"http:\/\/www.radiopresidenteibanez.cl\/web\/?p=6845"},"modified":"2019-09-06T16:06:07","modified_gmt":"2019-09-06T16:06:07","slug":"cores-participaron-de-taller-de-apoyo-al-fortalecimiento-de-los-consejos-regionales-en-atacama","status":"publish","type":"post","link":"https:\/\/www.radiopresidenteibanez.cl\/web\/cores-participaron-de-taller-de-apoyo-al-fortalecimiento-de-los-consejos-regionales-en-atacama\/","title":{"rendered":"CORES PARTICIPARON DE TALLER DE APOYO AL FORTALECIMIENTO DE LOS CONSEJOS REGIONALES EN ATACAMA"},"content":{"rendered":"\n<p>En el marco del constante proceso de capacitaci\u00f3n que tienen\nlos consejeros regionales, seis de ellos viajaron hasta San Pedro de Atacama\npara participar de un taller de trabajo vinculado al Apoyo al Fortalecimiento\nde los Consejos Regionales, instancia que se realiz\u00f3 en dos jornadas.<\/p>\n\n\n\n<p>\u201cLa idea de estos seminarios es lograr capacitaci\u00f3n de los\nConsejos Regionales, para tener claro cu\u00e1l es el recorrido que tiene la\ninversi\u00f3n p\u00fablica, c\u00f3mo se genera, c\u00f3mo se aplica a trav\u00e9s de las unidades\nt\u00e9cnicas que postulan a proyectos, como son los municipios, nuestros socios m\u00e1s\ncercanos\u201d, indic\u00f3 el presidente del Consejo Regional, Tolentino Soto.<\/p>\n\n\n\n<p>En la oportunidad, participaron de talleres relacionados con\npresupuesto y otros temas de relevancia, como los proyectos de agua potable\nrural con la Direcci\u00f3n de Obras Hidr\u00e1ulicas, donde no todas las regiones del\npa\u00eds tienen convenios de programaci\u00f3n. \u201cEn eso, Magallanes ha sido muy\naplicado, hist\u00f3ricamente ha mantenido un convenio que actualmente igual se\nencuentra vigente y que ha permitido llegar con agua potable a sectores rurales\naleda\u00f1os a la ciudad de Punta Arenas, en Puerto Natales, Puerto Williams, en\ntodas las localidades de la regi\u00f3n\u201d, precis\u00f3 Soto Espa\u00f1a.<\/p>\n\n\n\n<p>Respecto al tema de Ejecuci\u00f3n Presupuestaria, el\nrepresentante del Core indic\u00f3 que se entregaron luces muy claras respecto a las\nprioridades que tiene que existir en materia de inversi\u00f3n p\u00fablica. \u201cUstedes\nsaben que todos los ministerios tienen que cumplir una labor en cada una de las\nlocalidades, en todas las regiones. Magallanes ha optado por un sistema, en su\ngran mayor\u00eda, de tener convenios de programaci\u00f3n para optimizar los recursos de\nla inversi\u00f3n p\u00fablica. Pero eso tambi\u00e9n significa que tienen que haber mayores\ndesaf\u00edos de parte de los ministerios, y es lo que se hizo presente en este tipo\nde eventos, porque aquellas regiones que hacen mayores esfuerzos por aportar\nrecursos regionales en estos convenios, deben ser tambi\u00e9n favorecidos con una\nmayor cantidad de recursos desde el nivel central\u201d, precis\u00f3 Soto Espa\u00f1a.<\/p>\n\n\n\n<p>De la capacitaci\u00f3n participaron Antonio Bradasic, Andr\u00e9s\nL\u00f3pez, Roxana Gallardo, Marcelo Garrido, Manuel Lonc\u00f3n y Tolentino Soto.<\/p>\n","protected":false},"excerpt":{"rendered":"<p>En el marco del constante proceso de capacitaci\u00f3n que tienen los consejeros regionales, seis de ellos viajaron hasta San Pedro de Atacama para participar de un taller de trabajo vinculado&#8230; <a class=\"read-more\" href=\"https:\/\/www.radiopresidenteibanez.cl\/web\/cores-participaron-de-taller-de-apoyo-al-fortalecimiento-de-los-consejos-regionales-en-atacama\/\">Leer m\u00e1s<\/a><\/p>\n","protected":false},"author":2,"featured_media":6846,"comment_status":"closed","ping_status":"closed","sticky":false,"template":"","format":"standard","meta":{"footnotes":""},"categories":[1],"tags":[],"class_list":["post-6845","post","type-post","status-publish","format-standard","has-post-thumbnail","hentry","category-cronica"],"_links":{"self":[{"href":"https:\/\/www.radiopresidenteibanez.cl\/web\/wp-json\/wp\/v2\/posts\/6845","targetHints":{"allow":["GET"]}}],"collection":[{"href":"https:\/\/www.radiopresidenteibanez.cl\/web\/wp-json\/wp\/v2\/posts"}],"about":[{"href":"https:\/\/www.radiopresidenteibanez.cl\/web\/wp-json\/wp\/v2\/types\/post"}],"author":[{"embeddable":true,"href":"https:\/\/www.radiopresidenteibanez.cl\/web\/wp-json\/wp\/v2\/users\/2"}],"replies":[{"embeddable":true,"href":"https:\/\/www.radiopresidenteibanez.cl\/web\/wp-json\/wp\/v2\/comments?post=6845"}],"version-history":[{"count":0,"href":"https:\/\/www.radiopresidenteibanez.cl\/web\/wp-json\/wp\/v2\/posts\/6845\/revisions"}],"wp:featuredmedia":[{"embeddable":true,"href":"https:\/\/www.radiopresidenteibanez.cl\/web\/wp-json\/wp\/v2\/media\/6846"}],"wp:attachment":[{"href":"https:\/\/www.radiopresidenteibanez.cl\/web\/wp-json\/wp\/v2\/media?parent=6845"}],"wp:term":[{"taxonomy":"category","embeddable":true,"href":"https:\/\/www.radiopresidenteibanez.cl\/web\/wp-json\/wp\/v2\/categories?post=6845"},{"taxonomy":"post_tag","embeddable":true,"href":"https:\/\/www.radiopresidenteibanez.cl\/web\/wp-json\/wp\/v2\/tags?post=6845"}],"curies":[{"name":"wp","href":"https:\/\/api.w.org\/{rel}","templated":true}]}}