{"id":68445,"date":"2026-09-02T09:47:26","date_gmt":"2026-09-02T12:47:26","guid":{"rendered":"https:\/\/www.radiopresidenteibanez.cl\/web\/?p=68445"},"modified":"2026-09-02T09:47:29","modified_gmt":"2026-09-02T12:47:29","slug":"salud-realiza-tercera-jornada-regional-de-autismo-para-fortalecer-una-atencion-integral-e-inclusiva","status":"publish","type":"post","link":"https:\/\/www.radiopresidenteibanez.cl\/web\/salud-realiza-tercera-jornada-regional-de-autismo-para-fortalecer-una-atencion-integral-e-inclusiva\/","title":{"rendered":"SALUD REALIZA TERCERA JORNADA REGIONAL DE AUTISMO PARA FORTALECER UNA ATENCI\u00d3N INTEGRAL E INCLUSIVA"},"content":{"rendered":"\n<p class=\"wp-block-paragraph\">Con el objetivo de fortalecer los conocimientos y competencias de los equipos que participan en el abordaje y acompa\u00f1amiento de las personas autistas a lo largo de su curso de vida, la SEREMI de Salud y el Servicio de Salud Magallanes desarrollaron este martes la Tercera Jornada Regional de Autismo: \u201cAvanzando hacia una atenci\u00f3n integral e inclusiva\u201d, en dependencias del CADI-UMAG.<br>La actividad reuni\u00f3 a profesionales de los sectores salud y educaci\u00f3n de la regi\u00f3n, en una instancia de actualizaci\u00f3n de conocimientos, intercambio de experiencias y entrega de herramientas pr\u00e1cticas orientadas a reforzar la detecci\u00f3n, diagn\u00f3stico, atenci\u00f3n y acompa\u00f1amiento de ni\u00f1os, ni\u00f1as, adolescentes y personas adultas autistas, en concordancia con la Ley N\u00b021.545 y las orientaciones del Ministerio de Salud.<br>El Seremi de Salud (S), Eduardo Castillo, quien encabez\u00f3 la apertura de la jornada, valor\u00f3 la alta convocatoria alcanzada en esta tercera versi\u00f3n, que reuni\u00f3 a m\u00e1s de 120 personas de manera presencial y a m\u00e1s de 60 participantes conectados v\u00eda streaming. La autoridad destac\u00f3, adem\u00e1s, la importancia de continuar fortaleciendo las capacidades de los equipos involucrados en el diagn\u00f3stico y atenci\u00f3n de las personas autistas.<br>\u201cLo que buscamos es fortalecer la aplicaci\u00f3n de la nueva ley de autismo que entra en vigor ya a contar de enero del pr\u00f3ximo a\u00f1o, pero que estamos en las etapas previas de implementaci\u00f3n, en lo que se refiere a registro y a la capacitaci\u00f3n de los profesionales, entre otros aspectos. Lo que buscamos con esta jornada es que se ampl\u00ede la capacitaci\u00f3n a todas las \u00e1reas que est\u00e9n involucradas en los procesos de diagn\u00f3stico\u201d, recalc\u00f3.<br>Consultado por la actividad, el director (s) del Servicio de Salud Magallanes, Ricardo Contreras, se\u00f1al\u00f3 que este tipo de instancias permiten fortalecer la coordinaci\u00f3n, el intercambio de experiencias y la planificaci\u00f3n de estrategias conjuntas para mejorar la atenci\u00f3n y el acompa\u00f1amiento de personas con autismo y sus familias en la regi\u00f3n. \u201cEsta jornada es sumamente importante, ya que convoca a los distintos niveles de atenci\u00f3n de la Red Asistencial y nos permite potenciar nuestra organizaci\u00f3n y actualizar las capacidades de una Red tan compleja como la nuestra y que re\u00fane caracter\u00edsticas muy especiales, dadas por el territorio\u201d, indic\u00f3 la autoridad de salud.<br>En este sentido, el director (s) destac\u00f3 el trabajo desarrollado a la fecha por las dos salas multisensoriales de salud en la regi\u00f3n, en Punta Arenas y en Puerto Natales; espacios que han permitido acercar prestaciones de diagn\u00f3stico, intervenci\u00f3n temprana y seguimiento ni\u00f1os, ni\u00f1as y adolescentes con sospecha o diagn\u00f3stico de autismo y a sus familias.<br>La psic\u00f3loga y educadora, Katherine Hern\u00e1ndez, referente t\u00e9cnico de salud infantil de la Corporaci\u00f3n Municipal de la Florida, explic\u00f3: \u201cEstamos muy contentas de poder venir por segundo a\u00f1o consecutivo a la Regi\u00f3n de Magallanes. El a\u00f1o pasado vinimos a contar en lo que est\u00e1bamos trabajando y poder cooperar en este proceso, y este a\u00f1o nos encontramos con que han avanzado much\u00edsimo, lo que fue bien grato conocer esos avances. Ahora venimos a cooperar con nuevas miradas para que podamos mantener un trabajo cooperativo constante, ojal\u00e1 no solo que vengamos nosotras a ense\u00f1arles, sino que empecemos a tener un trabajo que nos va a permitir tener miradas conjuntas\u201d.<br>Durante su exposici\u00f3n, la profesional abord\u00f3 aspectos generales del autismo y distintas teor\u00edas psicol\u00f3gicas que permiten comprender algunas de sus caracter\u00edsticas y aproximarse al funcionamiento de la mente autista. Adem\u00e1s, explic\u00f3 que estos contenidos buscan trascender lo te\u00f3rico y entregar herramientas que puedan llevarse a la pr\u00e1ctica, contribuyendo a una mejor comprensi\u00f3n y abordaje del autismo.<br>La jefa de neurolog\u00eda infantil del Hospital Eloisa D\u00edaz y coordinadora m\u00e9dica de la sala de autismo comunal de la municipalidad de la Florida, Dra. Paola Le\u00f3n, indic\u00f3: \u201cEn particular habl\u00e9 del autismo en la mujer, que es un tipo de autismo que est\u00e1 a veces invisibilizado porque las ni\u00f1as se comportan distinto a los varones. Entonces hoy d\u00eda hablamos del masking, que ellas camuflan los s\u00edntomas, y de c\u00f3mo se puede hacer una buena intervenci\u00f3n con las ni\u00f1as, adolescentes y mujeres autistas\u201d.<br>Agreg\u00f3 que, si bien Chile a\u00fan no cuenta con una prevalencia general de autismo, los estudios muestran una proporci\u00f3n aproximada de tres hombres por cada mujer, antecedente que, indic\u00f3, da cuenta del subdiagn\u00f3stico existente en ni\u00f1as y de la importancia de avanzar en su detecci\u00f3n para favorecer su salud mental, trayectoria escolar y calidad de vida.<br>A su vez, la jefa de neurolog\u00eda infantil del Hospital Cl\u00ednico Magallanes, Dra. Loreto Llanos, resalt\u00f3 que actualmente existe un trabajo articulado y multidisciplinario entre los distintos niveles de atenci\u00f3n para el diagn\u00f3stico, manejo y acompa\u00f1amiento de las personas autistas. \u201cMe parece sumamente importante estar haciendo esta jornada. Es una instancia de educaci\u00f3n que hacemos hacia atenci\u00f3n primaria y tambi\u00e9n hacia todo lo que es educaci\u00f3n. Me parece que son herramientas importantes para la sospecha, la pesquisa precoz del diagn\u00f3stico de trastorno del espectro autista, principalmente para un buen manejo y un buen acompa\u00f1amiento, no solo para la persona sino tambi\u00e9n para toda la familia y el entorno\u201d, sostuvo.<br>Fortalecimiento de capacidades en Magallanes<br>La implementaci\u00f3n de la Ley de Autismo representa un desaf\u00edo particular para la red asistencial de Magallanes debido a las caracter\u00edsticas geogr\u00e1ficas y la dispersi\u00f3n territorial de la regi\u00f3n, lo que hace necesario potenciar las capacidades locales y favorecer una adecuada coordinaci\u00f3n entre los distintos niveles de atenci\u00f3n.<br>En este sentido, la jornada permiti\u00f3 reforzar el trabajo conjunto entre la SEREMI de Salud, el Servicio de Salud Magallanes, los establecimientos asistenciales y los equipos profesionales, con el prop\u00f3sito de contribuir a disminuir brechas y avanzar hacia una respuesta sanitaria cada vez m\u00e1s pertinente a las necesidades de las personas autistas y sus familias.<br>A nivel regional, uno de los avances corresponde a la habilitaci\u00f3n de dos Salas de Apoyo al Desarrollo y Rehabilitaci\u00f3n Infanto-Adolescente (AIDIA), a trav\u00e9s del Programa de Reforzamiento de la Atenci\u00f3n Primaria de Salud (PRAPS), ubicadas en Punta Arenas y Puerto Natales. Estos espacios permiten mejorar la oferta de atenci\u00f3n y apoyo integral para ni\u00f1os, ni\u00f1as y adolescentes autistas. De acuerdo con los registros, en Punta Arenas en 2024 se contabilizaron 198 usuarios ingresados al PRAPS AIDIA por autismo o sospecha de autismo, mientras que en 2025 la cifra aument\u00f3 a 303. En tanto, a julio de 2026 se registran 224 usuarios ingresados.<br>A ello se suma el fortalecimiento de los equipos de la red asistencial mediante cargos vinculados a las \u00e1reas de salud mental, neurolog\u00eda y rehabilitaci\u00f3n en el nivel de especialidad, aumentando la capacidad de respuesta frente a las necesidades de las personas autistas. De manera paralela, funcionarios y funcionarias de la red han participado en diversas instancias de capacitaci\u00f3n destinadas a desarrollar sus competencias para brindar una atenci\u00f3n integral, pertinente, oportuna y respetuosa. Asimismo, el Ministerio de Salud ha desarrollado protocolos, orientaciones y documentos t\u00e9cnicos destinados a apoyar la organizaci\u00f3n de la red asistencial y orientar la atenci\u00f3n cl\u00ednica con enfoque de derechos.<br>La jornada enfatiz\u00f3 que la implementaci\u00f3n de la Ley N\u00b021.545 no implica \u00fanicamente el cumplimiento de una normativa, sino que plantea avanzar hacia una forma de atenci\u00f3n que reconozca la diversidad, respete los derechos de las personas autistas y considere sus necesidades particulares.<\/p>\n","protected":false},"excerpt":{"rendered":"<p>Con el objetivo de fortalecer los conocimientos y competencias de los equipos que participan en el abordaje y acompa\u00f1amiento de las personas autistas a lo largo de su curso de&#8230; <a class=\"read-more\" href=\"https:\/\/www.radiopresidenteibanez.cl\/web\/salud-realiza-tercera-jornada-regional-de-autismo-para-fortalecer-una-atencion-integral-e-inclusiva\/\">Leer m\u00e1s<\/a><\/p>\n","protected":false},"author":2,"featured_media":68446,"comment_status":"closed","ping_status":"closed","sticky":false,"template":"","format":"standard","meta":{"footnotes":""},"categories":[1],"tags":[],"class_list":["post-68445","post","type-post","status-publish","format-standard","has-post-thumbnail","hentry","category-cronica"],"_links":{"self":[{"href":"https:\/\/www.radiopresidenteibanez.cl\/web\/wp-json\/wp\/v2\/posts\/68445","targetHints":{"allow":["GET"]}}],"collection":[{"href":"https:\/\/www.radiopresidenteibanez.cl\/web\/wp-json\/wp\/v2\/posts"}],"about":[{"href":"https:\/\/www.radiopresidenteibanez.cl\/web\/wp-json\/wp\/v2\/types\/post"}],"author":[{"embeddable":true,"href":"https:\/\/www.radiopresidenteibanez.cl\/web\/wp-json\/wp\/v2\/users\/2"}],"replies":[{"embeddable":true,"href":"https:\/\/www.radiopresidenteibanez.cl\/web\/wp-json\/wp\/v2\/comments?post=68445"}],"version-history":[{"count":1,"href":"https:\/\/www.radiopresidenteibanez.cl\/web\/wp-json\/wp\/v2\/posts\/68445\/revisions"}],"predecessor-version":[{"id":68447,"href":"https:\/\/www.radiopresidenteibanez.cl\/web\/wp-json\/wp\/v2\/posts\/68445\/revisions\/68447"}],"wp:featuredmedia":[{"embeddable":true,"href":"https:\/\/www.radiopresidenteibanez.cl\/web\/wp-json\/wp\/v2\/media\/68446"}],"wp:attachment":[{"href":"https:\/\/www.radiopresidenteibanez.cl\/web\/wp-json\/wp\/v2\/media?parent=68445"}],"wp:term":[{"taxonomy":"category","embeddable":true,"href":"https:\/\/www.radiopresidenteibanez.cl\/web\/wp-json\/wp\/v2\/categories?post=68445"},{"taxonomy":"post_tag","embeddable":true,"href":"https:\/\/www.radiopresidenteibanez.cl\/web\/wp-json\/wp\/v2\/tags?post=68445"}],"curies":[{"name":"wp","href":"https:\/\/api.w.org\/{rel}","templated":true}]}}