{"id":68426,"date":"2026-09-01T16:51:00","date_gmt":"2026-09-01T19:51:00","guid":{"rendered":"https:\/\/www.radiopresidenteibanez.cl\/web\/?p=68426"},"modified":"2026-09-01T11:55:42","modified_gmt":"2026-09-01T14:55:42","slug":"edelmag-entrega-50-tablets-a-estudiantes-de-establecimientos-tecnicos-de-punta-arenas","status":"publish","type":"post","link":"https:\/\/www.radiopresidenteibanez.cl\/web\/edelmag-entrega-50-tablets-a-estudiantes-de-establecimientos-tecnicos-de-punta-arenas\/","title":{"rendered":"EDELMAG entrega 50 tablets a estudiantes de establecimientos t\u00e9cnicos de Punta Arenas"},"content":{"rendered":"\n<p class=\"wp-block-paragraph\">Con el objetivo de contribuir a la formaci\u00f3n y desarrollo de las nuevas generaciones, EDELMAG realiz\u00f3, como cierre del Mes de la Educaci\u00f3n T\u00e9cnico Profesional, la ceremonia entrega de 50 tablets y kits de herramientas a estudiantes del Liceo Polit\u00e9cnico Ra\u00fal Silva Henr\u00edquez y del Liceo Industrial Armando Quezada Achar\u00e1n, en el marco del Programa \u201cHerramientas para el Mundo Laboral\u201d.<br>La iniciativa, desarrollada junto a Ditraining, busca fortalecer la preparaci\u00f3n de los j\u00f3venes, entreg\u00e1ndoles recursos tecnol\u00f3gicos que apoyen su aprendizaje y los acerquen a las exigencias del mundo laboral.<br>La actividad cont\u00f3 con la participaci\u00f3n de autoridades regionales, representantes de EDELMAG, Ditraining y de los establecimientos educacionales, adem\u00e1s de los estudiantes beneficiarios. Entre las autoridades presentes estuvieron el Seremi de Energ\u00eda, Marco Antonio Pinto; Aura Calixto, jefa t\u00e9cnica del Departamento Provincial de Educaci\u00f3n; y la directora regional de la SEC, Fernanda Garrido. Tambi\u00e9n participaron Luis Chiple, subdirector del Liceo Polit\u00e9cnico Ra\u00fal Silva Henr\u00edquez, y Hern\u00e1n Mu\u00f1oz, docente del Liceo Industrial Armando Quezada Achar\u00e1n.<br>La iniciativa busca entregar a los estudiantes recursos concretos que contribuyan a fortalecer sus conocimientos y competencias, y que les permitan enfrentar de mejor manera los desaf\u00edos del mundo laboral actual y futuro. En este contexto, el programa pone en valor la importancia de complementar la formaci\u00f3n t\u00e9cnica con el acceso a tecnolog\u00eda y nuevas competencias, en un entorno laboral que se encuentra en constante transformaci\u00f3n.<br>\u201cSe entregaron estas herramientas a estudiantes de 3\u00b0 y 4\u00b0 medio, que les permitir\u00e1n potenciar sus conocimientos y, sin duda, contar con mejores herramientas para su futuro desempe\u00f1o profesional. Como EDELMAG, seguiremos apoyando la educaci\u00f3n t\u00e9cnico-profesional en todos los lugares donde llegamos con nuestra energ\u00eda\u201d, coment\u00f3 el Gerente General de EDELMAG, Miguel Castillo.<br>Durante la ceremonia, representantes del Liceo Polit\u00e9cnico Ra\u00fal Silva Henr\u00edquez y del Liceo Industrial Armando Quezada Achar\u00e1n tambi\u00e9n destacaron la importancia de este tipo de iniciativas para acompa\u00f1ar el proceso educativo de los j\u00f3venes y ampliar sus oportunidades.<br>\u201cQueremos agradecer a EDELMAG por haber confiado en nuestro liceo. Para nosotros, esta entrega es de vital importancia en un mundo cada vez m\u00e1s tecnol\u00f3gico, ya que permitir\u00e1 a nuestros estudiantes realizar este curso y adquirir nuevas habilidades, que son cada vez m\u00e1s valoradas y necesarias en el mundo empresarial\u201d, coment\u00f3 Luis Chiple, subdirector del Liceo Polit\u00e9cnico Ra\u00fal Silva Henr\u00edquez.<br>Adem\u00e1s de las tablets, cada estudiante recibi\u00f3 un kit de herramientas, como parte de esta iniciativa orientada a acompa\u00f1ar su proceso de aprendizaje y facilitar el acceso a recursos que puedan ser de utilidad tanto durante su formaci\u00f3n como en su futura inserci\u00f3n laboral.<br>\u201cEsto para m\u00ed es una gran oportunidad, ya que creo que por mis propios medios no lo hubiese podido conseguir. Nos va permitir aprender nuevas habilidades que usamos en Administraci\u00f3n y para poder hacerlo necesitamos un equipo tecnol\u00f3gico\u201d, asegur\u00f3 Agustina Ojeda, alumna del Liceo Polit\u00e9cnico Ra\u00fal Silva Henr\u00edquez.<br>\u201cTener la aplicaci\u00f3n me va a servir para leer planos. Me voy a enfocar m\u00e1s en la especialidad, aprender m\u00e1s y destacarme en mis notas\u201d, coment\u00f3 Juan Mario, alumno de 3\u00b0 medio del Liceo Industrial Armando Quezada Achar\u00e1n.<br>Con esta iniciativa EDELMAG reafirma su compromiso con la educaci\u00f3n y con la generaci\u00f3n de oportunidades para los j\u00f3venes de Magallanes, contribuyendo a fortalecer sus capacidades y facilit\u00e1ndoles recursos que les permitan enfrentar con mayor preparaci\u00f3n los desaf\u00edos de su futuro acad\u00e9mico y laboral.<\/p>\n","protected":false},"excerpt":{"rendered":"<p>Con el objetivo de contribuir a la formaci\u00f3n y desarrollo de las nuevas generaciones, EDELMAG realiz\u00f3, como cierre del Mes de la Educaci\u00f3n T\u00e9cnico Profesional, la ceremonia entrega de 50&#8230; <a class=\"read-more\" href=\"https:\/\/www.radiopresidenteibanez.cl\/web\/edelmag-entrega-50-tablets-a-estudiantes-de-establecimientos-tecnicos-de-punta-arenas\/\">Leer m\u00e1s<\/a><\/p>\n","protected":false},"author":2,"featured_media":68427,"comment_status":"closed","ping_status":"closed","sticky":false,"template":"","format":"standard","meta":{"footnotes":""},"categories":[1],"tags":[],"class_list":["post-68426","post","type-post","status-publish","format-standard","has-post-thumbnail","hentry","category-cronica"],"_links":{"self":[{"href":"https:\/\/www.radiopresidenteibanez.cl\/web\/wp-json\/wp\/v2\/posts\/68426","targetHints":{"allow":["GET"]}}],"collection":[{"href":"https:\/\/www.radiopresidenteibanez.cl\/web\/wp-json\/wp\/v2\/posts"}],"about":[{"href":"https:\/\/www.radiopresidenteibanez.cl\/web\/wp-json\/wp\/v2\/types\/post"}],"author":[{"embeddable":true,"href":"https:\/\/www.radiopresidenteibanez.cl\/web\/wp-json\/wp\/v2\/users\/2"}],"replies":[{"embeddable":true,"href":"https:\/\/www.radiopresidenteibanez.cl\/web\/wp-json\/wp\/v2\/comments?post=68426"}],"version-history":[{"count":1,"href":"https:\/\/www.radiopresidenteibanez.cl\/web\/wp-json\/wp\/v2\/posts\/68426\/revisions"}],"predecessor-version":[{"id":68428,"href":"https:\/\/www.radiopresidenteibanez.cl\/web\/wp-json\/wp\/v2\/posts\/68426\/revisions\/68428"}],"wp:featuredmedia":[{"embeddable":true,"href":"https:\/\/www.radiopresidenteibanez.cl\/web\/wp-json\/wp\/v2\/media\/68427"}],"wp:attachment":[{"href":"https:\/\/www.radiopresidenteibanez.cl\/web\/wp-json\/wp\/v2\/media?parent=68426"}],"wp:term":[{"taxonomy":"category","embeddable":true,"href":"https:\/\/www.radiopresidenteibanez.cl\/web\/wp-json\/wp\/v2\/categories?post=68426"},{"taxonomy":"post_tag","embeddable":true,"href":"https:\/\/www.radiopresidenteibanez.cl\/web\/wp-json\/wp\/v2\/tags?post=68426"}],"curies":[{"name":"wp","href":"https:\/\/api.w.org\/{rel}","templated":true}]}}