{"id":68423,"date":"2026-09-01T15:57:00","date_gmt":"2026-09-01T18:57:00","guid":{"rendered":"https:\/\/www.radiopresidenteibanez.cl\/web\/?p=68423"},"modified":"2026-09-01T11:51:25","modified_gmt":"2026-09-01T14:51:25","slug":"seremi-de-justicia-impulsa-historica-visita-a-la-unidad-penal-de-natales-y-refuerza-agenda-en-ultima-esperanza","status":"publish","type":"post","link":"https:\/\/www.radiopresidenteibanez.cl\/web\/seremi-de-justicia-impulsa-historica-visita-a-la-unidad-penal-de-natales-y-refuerza-agenda-en-ultima-esperanza\/","title":{"rendered":"Seremi de Justicia impulsa hist\u00f3rica visita a la unidad penal de Natales y refuerza agenda en \u00daltima Esperanza"},"content":{"rendered":"\n<p class=\"wp-block-paragraph\">Un marcado sello de presencia territorial y descentralizaci\u00f3n tuvo la primera visita oficial del Secretario Regional Ministerial de Justicia y Derechos Humanos, Crist\u00f3bal Fern\u00e1ndez Jofr\u00e9, a la Provincia de \u00daltima Esperanza los d\u00edas 25 y 26 de agosto.<\/p>\n\n\n\n<p class=\"wp-block-paragraph\">El hito central de la jornada ocurri\u00f3 en el Centro de Detenci\u00f3n Preventiva (CDP) de Puerto Natales, en lo que constituy\u00f3 una visita hist\u00f3rica: por primera vez, tres autoridades sectoriales y territoriales \u2014el Seremi de Justicia, la Delegada Presidencial Regional, Ericka Far\u00edas Guerra, y el Delegado Provincial, Liber Lazo Navarro\u2014 inspeccionaron de forma conjunta la unidad penal.<\/p>\n\n\n\n<p class=\"wp-block-paragraph\">En la ocasi\u00f3n, las autoridades evaluaron las condiciones de la poblaci\u00f3n penal (que asciende a 58 internos), la habilitaci\u00f3n de espacios de reinserci\u00f3n y los requerimientos del personal de Gendarmer\u00eda.<\/p>\n\n\n\n<p class=\"wp-block-paragraph\">Al respecto, el Alcaide del CDP, mayor Fernando Cofr\u00e9 Cordero, valor\u00f3 la presencia de las autoridades y la coordinaci\u00f3n t\u00e9cnica en marcha: \u201cAbordamos temas de contingencia local y requerimientos estructurales, como la necesidad de un pronto cierre perimetral en el que la autoridad regional ya est\u00e1 trabajando. Asimismo, destacamos que la Direcci\u00f3n Regional postula a la renovaci\u00f3n de la flota vehicular a trav\u00e9s del Gobierno Regional, proyecto que nos permitir\u00e1 contar con un nuevo veh\u00edculo fiscal para nuestra unidad\u201d.<\/p>\n\n\n\n<p class=\"wp-block-paragraph\">La agenda en la comuna incluy\u00f3 reuniones estrat\u00e9gicas con el Delegado Provincial, Liber Lazo, y la Alcaldesa de Puerto Natales, Ana Mayorga Bahamonde. En ambos encuentros se acord\u00f3 articular un trabajo intersectorial orientado a fortalecer la presencia de la Corporaci\u00f3n de Asistencia Judicial (CAJ), garantizando as\u00ed mayor orientaci\u00f3n y defensa jur\u00eddica para los vecinos de la provincia.<\/p>\n\n\n\n<p class=\"wp-block-paragraph\">El despliegue se complet\u00f3 con reuniones de trabajo con el Notario y Conservador de Bienes Ra\u00edces, Helbert Mundy Casanova; el nuevo Fiscal Jefe de Puerto Natales, Cristian Opazo Aguilera; y recorridos de inspecci\u00f3n por las dependencias locales del Registro Civil, la CAJ y el Servicio M\u00e9dico Legal (SML).<\/p>\n\n\n\n<p class=\"wp-block-paragraph\">\u201cEste recorrido en persona nos permite verificar en terreno el funcionamiento del sistema y planificar mejor nuestro trabajo con quienes atienden directamente a la comunidad, buscando para los usuarios un acceso m\u00e1s expedito y cercano a nuestros servicios de justicia\u201d, concluy\u00f3 el Seremi Fern\u00e1ndez.<\/p>\n","protected":false},"excerpt":{"rendered":"<p>Un marcado sello de presencia territorial y descentralizaci\u00f3n tuvo la primera visita oficial del Secretario Regional Ministerial de Justicia y Derechos Humanos, Crist\u00f3bal Fern\u00e1ndez Jofr\u00e9, a la Provincia de \u00daltima&#8230; <a class=\"read-more\" href=\"https:\/\/www.radiopresidenteibanez.cl\/web\/seremi-de-justicia-impulsa-historica-visita-a-la-unidad-penal-de-natales-y-refuerza-agenda-en-ultima-esperanza\/\">Leer m\u00e1s<\/a><\/p>\n","protected":false},"author":2,"featured_media":68424,"comment_status":"closed","ping_status":"closed","sticky":false,"template":"","format":"standard","meta":{"footnotes":""},"categories":[1],"tags":[],"class_list":["post-68423","post","type-post","status-publish","format-standard","has-post-thumbnail","hentry","category-cronica"],"_links":{"self":[{"href":"https:\/\/www.radiopresidenteibanez.cl\/web\/wp-json\/wp\/v2\/posts\/68423","targetHints":{"allow":["GET"]}}],"collection":[{"href":"https:\/\/www.radiopresidenteibanez.cl\/web\/wp-json\/wp\/v2\/posts"}],"about":[{"href":"https:\/\/www.radiopresidenteibanez.cl\/web\/wp-json\/wp\/v2\/types\/post"}],"author":[{"embeddable":true,"href":"https:\/\/www.radiopresidenteibanez.cl\/web\/wp-json\/wp\/v2\/users\/2"}],"replies":[{"embeddable":true,"href":"https:\/\/www.radiopresidenteibanez.cl\/web\/wp-json\/wp\/v2\/comments?post=68423"}],"version-history":[{"count":1,"href":"https:\/\/www.radiopresidenteibanez.cl\/web\/wp-json\/wp\/v2\/posts\/68423\/revisions"}],"predecessor-version":[{"id":68425,"href":"https:\/\/www.radiopresidenteibanez.cl\/web\/wp-json\/wp\/v2\/posts\/68423\/revisions\/68425"}],"wp:featuredmedia":[{"embeddable":true,"href":"https:\/\/www.radiopresidenteibanez.cl\/web\/wp-json\/wp\/v2\/media\/68424"}],"wp:attachment":[{"href":"https:\/\/www.radiopresidenteibanez.cl\/web\/wp-json\/wp\/v2\/media?parent=68423"}],"wp:term":[{"taxonomy":"category","embeddable":true,"href":"https:\/\/www.radiopresidenteibanez.cl\/web\/wp-json\/wp\/v2\/categories?post=68423"},{"taxonomy":"post_tag","embeddable":true,"href":"https:\/\/www.radiopresidenteibanez.cl\/web\/wp-json\/wp\/v2\/tags?post=68423"}],"curies":[{"name":"wp","href":"https:\/\/api.w.org\/{rel}","templated":true}]}}