{"id":6842,"date":"2019-09-06T16:02:42","date_gmt":"2019-09-06T16:02:42","guid":{"rendered":"http:\/\/www.radiopresidenteibanez.cl\/web\/?p=6842"},"modified":"2019-09-06T16:02:48","modified_gmt":"2019-09-06T16:02:48","slug":"seremi-de-la-mujer-destaca-la-participacion-de-cuatro-representantes-de-magallanes-en-expo-feria-de-mujeres-indigenas","status":"publish","type":"post","link":"https:\/\/www.radiopresidenteibanez.cl\/web\/seremi-de-la-mujer-destaca-la-participacion-de-cuatro-representantes-de-magallanes-en-expo-feria-de-mujeres-indigenas\/","title":{"rendered":"SEREMI DE LA MUJER DESTACA LA PARTICIPACI\u00d3N DE CUATRO REPRESENTANTES DE MAGALLANES EN EXPO FERIA DE MUJERES IND\u00cdGENAS"},"content":{"rendered":"\n<p>En un desayuno en el que\nparticiparon el intendente, Jos\u00e9 Fern\u00e1ndez, la diputada Sandra Amar, la seremi\nde la Mujer y Equidad de g\u00e9nero, Patricia Mackenney, la directora regional de\nSernameg, Fabiola Garc\u00eda Pinto, y la jefa (s) de CONADI Punta Arenas, Carolina\nAvenda\u00f1o, felicitaron a las cuatro representantes de Magallanes que participan\nen la Expo Feria de Mujeres Ind\u00edgenas que se est\u00e1 realizando en Santiago desde\nel d\u00eda 4, 5 y 6 de Septiembre.<\/p>\n\n\n\n<p>Esta 8\u00b0 versi\u00f3n de la Expo Feria\nMujeres Emprendedoras Ind\u00edgenas 2019 se desarrolla en esta \u00e9poca del a\u00f1o debido\na que el 5 de septiembre se conmemora el D\u00eda Internacional de las Mujeres\nInd\u00edgenas, que fue instaurado durante el Segundo Encuentro de Organizaciones y\nMovimientos de Am\u00e9rica realizado en Tiahuanaco, Bolivia (1983).<\/p>\n\n\n\n<p>En esta Feria que se lleva a cabo\nen la Plaza de la Constituci\u00f3n, frente al Palacio La Moneda, las representantes\nde Magallanes, Mar\u00eda \u00c1lvarez, Mar\u00eda Sol\u00eds (Kaw\u00e9sqar), Claudia Gonz\u00e1lez (Yag\u00e1n)\ne Ivonne Soto (Mapuche) dar\u00e1n a conocer su artesan\u00eda en junco, joyas en plata,\njoyas en junco y telares.<\/p>\n\n\n\n<p>\u201cEstamos muy orgullosos porque\nestas cuatro mujeres artesanas mostrar\u00e1n en un stand el trabajo que desarrollan\ny que es propio de cada cultura, y as\u00ed tambi\u00e9n tendr\u00e1n la oportunidad de\npromocionar sus artesan\u00edas y vender lo que ellas hacen con tanto cari\u00f1o\u201d,\nmanifest\u00f3 la seremi Mackenney.<\/p>\n\n\n\n<p>La presencia de las\nrepresentantes de Magallanes en esta importante Feria es posible gracias a un\nconvenio entre CONADI-SERNAMEG que consider\u00f3 una inversi\u00f3n de 90 millones de\npesos.<\/p>\n\n\n\n<p>La representante del pueblo\nKaw\u00e9sqar, Mar\u00eda \u00c1lvarez, se\u00f1al\u00f3 estar muy agradecida de Sernameg y CONADI, ya\nque gracias a ambos organismos tiene la posibilidad de participar en tan\nimportante Feria, dando a conocer su artesan\u00eda.<\/p>\n\n\n\n<p>Durante el primer gobierno del\nPresidente Pi\u00f1era, la Corporaci\u00f3n Nacional de Desarrollo Ind\u00edgena \u2013CONADI-, por\nmedio de la Oficina de Asuntos Ind\u00edgenas de Santiago, ha propiciado la\ngeneraci\u00f3n y consolidaci\u00f3n de un espacio para la exposici\u00f3n y comercializaci\u00f3n\nde productos ofertados por emprendedores, microempresarios y artesanos y\nartistas ind\u00edgenas urbanos. <\/p>\n\n\n\n<p>A la fecha, la Expo Feria\nInd\u00edgena se ha transformado en una plataforma comercial para los emprendedores,\nmicroempresarios, artistas y artesanos, se ha relevado los productos que ellos\nproducen y comercializan. El registro hist\u00f3rico de participantes a la Feria que\ndesarrolla Conadi permite afirmar que a la fecha han participado m\u00e1s de 500\nexpositores, de los diversos pueblos originarios que reconoce la ley 19.253\n(Ley Ind\u00edgena).<\/p>\n","protected":false},"excerpt":{"rendered":"<p>En un desayuno en el que participaron el intendente, Jos\u00e9 Fern\u00e1ndez, la diputada Sandra Amar, la seremi de la Mujer y Equidad de g\u00e9nero, Patricia Mackenney, la directora regional de&#8230; <a class=\"read-more\" href=\"https:\/\/www.radiopresidenteibanez.cl\/web\/seremi-de-la-mujer-destaca-la-participacion-de-cuatro-representantes-de-magallanes-en-expo-feria-de-mujeres-indigenas\/\">Leer m\u00e1s<\/a><\/p>\n","protected":false},"author":2,"featured_media":6843,"comment_status":"closed","ping_status":"closed","sticky":false,"template":"","format":"standard","meta":{"footnotes":""},"categories":[1],"tags":[],"class_list":["post-6842","post","type-post","status-publish","format-standard","has-post-thumbnail","hentry","category-cronica"],"_links":{"self":[{"href":"https:\/\/www.radiopresidenteibanez.cl\/web\/wp-json\/wp\/v2\/posts\/6842","targetHints":{"allow":["GET"]}}],"collection":[{"href":"https:\/\/www.radiopresidenteibanez.cl\/web\/wp-json\/wp\/v2\/posts"}],"about":[{"href":"https:\/\/www.radiopresidenteibanez.cl\/web\/wp-json\/wp\/v2\/types\/post"}],"author":[{"embeddable":true,"href":"https:\/\/www.radiopresidenteibanez.cl\/web\/wp-json\/wp\/v2\/users\/2"}],"replies":[{"embeddable":true,"href":"https:\/\/www.radiopresidenteibanez.cl\/web\/wp-json\/wp\/v2\/comments?post=6842"}],"version-history":[{"count":0,"href":"https:\/\/www.radiopresidenteibanez.cl\/web\/wp-json\/wp\/v2\/posts\/6842\/revisions"}],"wp:featuredmedia":[{"embeddable":true,"href":"https:\/\/www.radiopresidenteibanez.cl\/web\/wp-json\/wp\/v2\/media\/6843"}],"wp:attachment":[{"href":"https:\/\/www.radiopresidenteibanez.cl\/web\/wp-json\/wp\/v2\/media?parent=6842"}],"wp:term":[{"taxonomy":"category","embeddable":true,"href":"https:\/\/www.radiopresidenteibanez.cl\/web\/wp-json\/wp\/v2\/categories?post=6842"},{"taxonomy":"post_tag","embeddable":true,"href":"https:\/\/www.radiopresidenteibanez.cl\/web\/wp-json\/wp\/v2\/tags?post=6842"}],"curies":[{"name":"wp","href":"https:\/\/api.w.org\/{rel}","templated":true}]}}