{"id":68416,"date":"2026-09-01T12:53:00","date_gmt":"2026-09-01T15:53:00","guid":{"rendered":"https:\/\/www.radiopresidenteibanez.cl\/web\/?p=68416"},"modified":"2026-09-01T11:03:20","modified_gmt":"2026-09-01T14:03:20","slug":"seremi-minvu-se-reunio-con-fiscal-regional-para-abordar-presuntos-delitos-en-relacion-a-la-postulacion-de-proyectos-habitacionales","status":"publish","type":"post","link":"https:\/\/www.radiopresidenteibanez.cl\/web\/seremi-minvu-se-reunio-con-fiscal-regional-para-abordar-presuntos-delitos-en-relacion-a-la-postulacion-de-proyectos-habitacionales\/","title":{"rendered":"Seremi Minvu se reuni\u00f3 con Fiscal Regional para abordar presuntos delitos en relaci\u00f3n a la postulaci\u00f3n de proyectos habitacionales"},"content":{"rendered":"\n<p class=\"wp-block-paragraph\">Hasta la Fiscal\u00eda Regional acudi\u00f3 el Seremi de Vivienda y Urbanismo, Rodolfo Guajardo Barr\u00eda con el objetivo de informar al Fiscal Cristian Crisosto Rifo, acerca de nuevas denuncias recibidas en la Seremi Minvu, respecto de personas que organizan agrupaciones de vivienda, lo que no se ajusta a los programas del Ministerio de Vivienda y Urbanismo y en algunos casos, cobrando altas cuotas de dinero por supuestas gestiones, compra de terrenos o tr\u00e1mites.<\/p>\n\n\n\n<p class=\"wp-block-paragraph\">\u201cA ra\u00edz de la denuncia recibida estamos recopilando todos los antecedentes para continuar con el proceso judicial que corresponde en contra de las personas que resulten responsables, ya que la normativa del Minvu establece claramente que la postulaci\u00f3n a los programas habitacionales es gratuita y solo las Entidades Patrocinantes que cuentan con convenio vigente en la regi\u00f3n y que suscriben los respectivos contratos de asistencia t\u00e9cnica con las agrupaciones de vivienda, poseen las capacidades t\u00e9cnicas para desarrollar proyectos e ingresarlos al Serviu para postulaci\u00f3n a los llamados vigentes\u201d, inform\u00f3 el Seremi Rodolfo Guajardo.<\/p>\n\n\n\n<p class=\"wp-block-paragraph\">La autoridad agreg\u00f3 que ninguna directiva de agrupaci\u00f3n de vivienda, persona externa o Entidad Patrocinante deben cobrar por la formulaci\u00f3n de los proyectos ya que este servicio es pagado por el propio Ministerio de Vivienda y Urbanismo.<\/p>\n\n\n\n<p class=\"wp-block-paragraph\">\u201cLa mejor muestra de transparencia es que las directivas de las agrupaciones de vivienda soliciten charlas al propio Serviu Regional para contar con la informaci\u00f3n de primera fuente, si una directiva se niega a hacer esta gesti\u00f3n ello podr\u00eda indicar que busca actuar al margen de la Ley\u201d.<\/p>\n\n\n\n<p class=\"wp-block-paragraph\"><strong>Compra de terrenos<\/strong><\/p>\n\n\n\n<p class=\"wp-block-paragraph\">Algunos de los antecedentes informados al Fiscal Regional,&nbsp; se relacionan con cobro de altas cuotas de dinero a integrantes de agrupaciones de vivienda para la supuesta adquisici\u00f3n de terrenos, respecto a lo cual, el Seremi Guajardo sostuvo que los terrenos a adquirir deben ubicarse en zonas aptas para el desarrollo habitacional seg\u00fan lo establecen los planes reguladores comunales y contar con la cabida necesaria para la construcci\u00f3n de viviendas, vialidades, equipamiento y \u00e1reas verdes, por lo que la recomendaci\u00f3n es que sean las Entidades Patrocinantes las que definan los terrenos donde dise\u00f1ar\u00e1n los proyectos habitacionales y no las directivas, ni supuestos asesores externos.<\/p>\n\n\n\n<p class=\"wp-block-paragraph\">Finalmente, la autoridad llam\u00f3 a las personas que hayan efectuado pagos por asesor\u00edas, cuotas o tr\u00e1mites asociados a la postulaci\u00f3n de proyectos habitacionales a presentar los antecedentes en las oficinas de atenci\u00f3n ciudadana del Serviu Regional o la Seremi Minvu.<\/p>\n\n\n\n<p class=\"wp-block-paragraph\">\u201cNuestro Gobierno est\u00e1 comprometido con el correcto uso de los beneficios que otorga el Estado por lo tanto seguiremos avanzando en la fiscalizaci\u00f3n de las viviendas sociales y en terminar con malas pr\u00e1cticas de supuestos asesores que se aprovechan de la necesidad habitacional de las familias.\u201d<\/p>\n","protected":false},"excerpt":{"rendered":"<p>Hasta la Fiscal\u00eda Regional acudi\u00f3 el Seremi de Vivienda y Urbanismo, Rodolfo Guajardo Barr\u00eda con el objetivo de informar al Fiscal Cristian Crisosto Rifo, acerca de nuevas denuncias recibidas en&#8230; <a class=\"read-more\" href=\"https:\/\/www.radiopresidenteibanez.cl\/web\/seremi-minvu-se-reunio-con-fiscal-regional-para-abordar-presuntos-delitos-en-relacion-a-la-postulacion-de-proyectos-habitacionales\/\">Leer m\u00e1s<\/a><\/p>\n","protected":false},"author":2,"featured_media":68417,"comment_status":"closed","ping_status":"closed","sticky":false,"template":"","format":"standard","meta":{"footnotes":""},"categories":[1],"tags":[],"class_list":["post-68416","post","type-post","status-publish","format-standard","has-post-thumbnail","hentry","category-cronica"],"_links":{"self":[{"href":"https:\/\/www.radiopresidenteibanez.cl\/web\/wp-json\/wp\/v2\/posts\/68416","targetHints":{"allow":["GET"]}}],"collection":[{"href":"https:\/\/www.radiopresidenteibanez.cl\/web\/wp-json\/wp\/v2\/posts"}],"about":[{"href":"https:\/\/www.radiopresidenteibanez.cl\/web\/wp-json\/wp\/v2\/types\/post"}],"author":[{"embeddable":true,"href":"https:\/\/www.radiopresidenteibanez.cl\/web\/wp-json\/wp\/v2\/users\/2"}],"replies":[{"embeddable":true,"href":"https:\/\/www.radiopresidenteibanez.cl\/web\/wp-json\/wp\/v2\/comments?post=68416"}],"version-history":[{"count":1,"href":"https:\/\/www.radiopresidenteibanez.cl\/web\/wp-json\/wp\/v2\/posts\/68416\/revisions"}],"predecessor-version":[{"id":68418,"href":"https:\/\/www.radiopresidenteibanez.cl\/web\/wp-json\/wp\/v2\/posts\/68416\/revisions\/68418"}],"wp:featuredmedia":[{"embeddable":true,"href":"https:\/\/www.radiopresidenteibanez.cl\/web\/wp-json\/wp\/v2\/media\/68417"}],"wp:attachment":[{"href":"https:\/\/www.radiopresidenteibanez.cl\/web\/wp-json\/wp\/v2\/media?parent=68416"}],"wp:term":[{"taxonomy":"category","embeddable":true,"href":"https:\/\/www.radiopresidenteibanez.cl\/web\/wp-json\/wp\/v2\/categories?post=68416"},{"taxonomy":"post_tag","embeddable":true,"href":"https:\/\/www.radiopresidenteibanez.cl\/web\/wp-json\/wp\/v2\/tags?post=68416"}],"curies":[{"name":"wp","href":"https:\/\/api.w.org\/{rel}","templated":true}]}}