{"id":68411,"date":"2026-09-01T11:21:00","date_gmt":"2026-09-01T14:21:00","guid":{"rendered":"https:\/\/www.radiopresidenteibanez.cl\/web\/?p=68411"},"modified":"2026-09-01T10:36:11","modified_gmt":"2026-09-01T13:36:11","slug":"nueva-infraestructura-municipal-se-pone-al-servicio-de-la-comunidad-de-cabo-de-hornos","status":"publish","type":"post","link":"https:\/\/www.radiopresidenteibanez.cl\/web\/nueva-infraestructura-municipal-se-pone-al-servicio-de-la-comunidad-de-cabo-de-hornos\/","title":{"rendered":"Nueva infraestructura municipal se pone al servicio de la comunidad de Cabo de Hornos"},"content":{"rendered":"\n<p class=\"wp-block-paragraph\">La ampliaci\u00f3n del edificio consistorial de Puerto Williams incorpora una moderna Sala de Concejo, nuevas dependencias para la Direcci\u00f3n de Obras Municipales y espacios de atenci\u00f3n ciudadana, gracias a una inversi\u00f3n superior a los $337 millones financiada por el Gobierno Regional de Magallanes.<\/p>\n\n\n\n<p class=\"wp-block-paragraph\">Puerto Williams cuenta desde hoy con nueva infraestructura p\u00fablica destinada a fortalecer el funcionamiento municipal, mejorar las condiciones de trabajo de los equipos y entregar mejores espacios para la atenci\u00f3n y participaci\u00f3n de la comunidad.<\/p>\n\n\n\n<p class=\"wp-block-paragraph\">La Ilustre Municipalidad de Cabo de Hornos inaugur\u00f3 oficialmente la ampliaci\u00f3n de su edificio consistorial, una obra que incorpora 120,60 metros cuadrados de nueva infraestructura y que permitir\u00e1 responder de mejor manera a las crecientes necesidades de la comuna.<\/p>\n\n\n\n<p class=\"wp-block-paragraph\">El proyecto contempl\u00f3 la construcci\u00f3n de una moderna Sala de Concejo con capacidad para cuarenta personas, nuevas dependencias para la Direcci\u00f3n de Obras Municipales, servicios higi\u00e9nicos, kitchenette y espacios de espera y atenci\u00f3n ciudadana, todo bajo est\u00e1ndares de accesibilidad universal.<\/p>\n\n\n\n<p class=\"wp-block-paragraph\">La iniciativa signific\u00f3 una inversi\u00f3n de $337.112.350, financiada \u00edntegramente mediante recursos del Fondo Regional de Iniciativa Local, FRIL 2025, a trav\u00e9s del convenio entre el Gobierno Regional de Magallanes y de la Ant\u00e1rtica Chilena y la Municipalidad de Cabo de Hornos.<\/p>\n\n\n\n<p class=\"wp-block-paragraph\">El gobernador regional de Magallanes y de la Ant\u00e1rtica Chilena, Jorge Flies, destac\u00f3 el trabajo conjunto desarrollado con el municipio para concretar esta iniciativa y relev\u00f3 la importancia de contar con espacios adecuados para el funcionamiento de la institucionalidad local.<\/p>\n\n\n\n<p class=\"wp-block-paragraph\">\u201cParte del ejercicio que se ha hecho en conjunto con el municipio de Cabo de Hornos es ampliar el edificio consistorial, especialmente la Sala de Concejo. Esto se realiza a trav\u00e9s de un proyecto FRIL por m\u00e1s de 330 millones de pesos, incorporando tambi\u00e9n parte del equipo operativo del municipio, lo que sin lugar a dudas nos va a permitir contar con mejores condiciones para la toma de decisiones propias del alcalde y sus concejalas, pero tambi\u00e9n para que Cabo de Hornos tenga un espacio p\u00fablico digno y precioso\u201d, se\u00f1al\u00f3 la autoridad regional.<\/p>\n\n\n\n<p class=\"wp-block-paragraph\">Por su parte, el alcalde de Cabo de Hornos, Patricio Fern\u00e1ndez, valor\u00f3 la materializaci\u00f3n de una obra que permitir\u00e1 fortalecer las capacidades municipales y responder de mejor manera a las necesidades de una comuna que contin\u00faa creciendo.<\/p>\n\n\n\n<p class=\"wp-block-paragraph\">\u201cEn el d\u00eda de hoy hemos podido inaugurar una obra que, a trav\u00e9s del Gobierno Regional y con cofinanciamiento de este, ya se materializa en nuevas oficinas municipales para las dependencias de la Direcci\u00f3n de Obras, junto con una Sala de Concejo Municipal que tambi\u00e9n estar\u00e1 disponible para las organizaciones comunitarias. Es un gran logro. El municipio va creciendo y las necesidades de la comuna tambi\u00e9n van creciendo en infraestructura habilitante que nos permite orientar y atender de mejor manera a nuestros vecinos\u201d, destac\u00f3 el jefe comunal.<\/p>\n\n\n\n<p class=\"wp-block-paragraph\">M\u00e1s all\u00e1 de la construcci\u00f3n de nuevos espacios, la obra representa una mejora concreta en las condiciones en que se desarrolla el trabajo municipal y en la forma en que la comunidad puede relacionarse con sus instituciones.<\/p>\n\n\n\n<p class=\"wp-block-paragraph\">La nueva Sala de Concejo permitir\u00e1 contar con un espacio adecuado, digno y accesible para el desarrollo de las sesiones municipales y para la participaci\u00f3n de la ciudadan\u00eda en las decisiones que marcan el presente y futuro de la comuna. Asimismo, las nuevas dependencias permitir\u00e1n dejar atr\u00e1s espacios reducidos y con deficientes condiciones de aislaci\u00f3n y confort, dando paso a recintos m\u00e1s amplios, c\u00f3modos y funcionales.<\/p>\n\n\n\n<p class=\"wp-block-paragraph\">Con esta inauguraci\u00f3n, Puerto Williams suma nueva infraestructura p\u00fablica al servicio de su comunidad, fortaleciendo la capacidad municipal y consolidando espacios modernos, accesibles y funcionales para acompa\u00f1ar el crecimiento y desarrollo de Cabo de Hornos.<\/p>\n","protected":false},"excerpt":{"rendered":"<p>La ampliaci\u00f3n del edificio consistorial de Puerto Williams incorpora una moderna Sala de Concejo, nuevas dependencias para la Direcci\u00f3n de Obras Municipales y espacios de atenci\u00f3n ciudadana, gracias a una&#8230; <a class=\"read-more\" href=\"https:\/\/www.radiopresidenteibanez.cl\/web\/nueva-infraestructura-municipal-se-pone-al-servicio-de-la-comunidad-de-cabo-de-hornos\/\">Leer m\u00e1s<\/a><\/p>\n","protected":false},"author":2,"featured_media":68412,"comment_status":"closed","ping_status":"closed","sticky":false,"template":"","format":"standard","meta":{"footnotes":""},"categories":[1],"tags":[],"class_list":["post-68411","post","type-post","status-publish","format-standard","has-post-thumbnail","hentry","category-cronica"],"_links":{"self":[{"href":"https:\/\/www.radiopresidenteibanez.cl\/web\/wp-json\/wp\/v2\/posts\/68411","targetHints":{"allow":["GET"]}}],"collection":[{"href":"https:\/\/www.radiopresidenteibanez.cl\/web\/wp-json\/wp\/v2\/posts"}],"about":[{"href":"https:\/\/www.radiopresidenteibanez.cl\/web\/wp-json\/wp\/v2\/types\/post"}],"author":[{"embeddable":true,"href":"https:\/\/www.radiopresidenteibanez.cl\/web\/wp-json\/wp\/v2\/users\/2"}],"replies":[{"embeddable":true,"href":"https:\/\/www.radiopresidenteibanez.cl\/web\/wp-json\/wp\/v2\/comments?post=68411"}],"version-history":[{"count":1,"href":"https:\/\/www.radiopresidenteibanez.cl\/web\/wp-json\/wp\/v2\/posts\/68411\/revisions"}],"predecessor-version":[{"id":68413,"href":"https:\/\/www.radiopresidenteibanez.cl\/web\/wp-json\/wp\/v2\/posts\/68411\/revisions\/68413"}],"wp:featuredmedia":[{"embeddable":true,"href":"https:\/\/www.radiopresidenteibanez.cl\/web\/wp-json\/wp\/v2\/media\/68412"}],"wp:attachment":[{"href":"https:\/\/www.radiopresidenteibanez.cl\/web\/wp-json\/wp\/v2\/media?parent=68411"}],"wp:term":[{"taxonomy":"category","embeddable":true,"href":"https:\/\/www.radiopresidenteibanez.cl\/web\/wp-json\/wp\/v2\/categories?post=68411"},{"taxonomy":"post_tag","embeddable":true,"href":"https:\/\/www.radiopresidenteibanez.cl\/web\/wp-json\/wp\/v2\/tags?post=68411"}],"curies":[{"name":"wp","href":"https:\/\/api.w.org\/{rel}","templated":true}]}}