{"id":68398,"date":"2026-09-01T08:38:59","date_gmt":"2026-09-01T11:38:59","guid":{"rendered":"https:\/\/www.radiopresidenteibanez.cl\/web\/?p=68398"},"modified":"2026-09-01T08:39:10","modified_gmt":"2026-09-01T11:39:10","slug":"tras-35-anos-de-servicio-abogado-manuel-barrera-deja-sus-funciones","status":"publish","type":"post","link":"https:\/\/www.radiopresidenteibanez.cl\/web\/tras-35-anos-de-servicio-abogado-manuel-barrera-deja-sus-funciones\/","title":{"rendered":"TRAS 35 A\u00d1OS DE SERVICIO ABOGADO MANUEL BARRERA DEJA SUS FUNCIONES"},"content":{"rendered":"\n<p class=\"wp-block-paragraph\">Hay huellas que el tiempo no borra, porque no se marcan en la tierra, sino en el alma de las personas. Hoy, tras 35 a\u00f1os de entrega incondicional, don Manuel Jes\u00fas Barrera Rojas estamp\u00f3 su \u00faltimo marcaje en la Delegaci\u00f3n Presidencial Regional de Magallanes y la Ant\u00e1rtica Chilena, cerrando con honor un cap\u00edtulo indispensable en la historia institucional de nuestra regi\u00f3n.<\/p>\n\n\n\n<p class=\"wp-block-paragraph\">Su trayectoria habla de rigor y vocaci\u00f3n: desde sus inicios en la Intendencia, su paso como Gobernador Provincial, su retorno al servicio de la comunidad y su etapa final en la actual DPR.<\/p>\n\n\n\n<p class=\"wp-block-paragraph\">Pero para entender la grandeza de don Manuel, hay que mirar su origen. Crecido en una cuna de esfuerzo y dignidad, siendo uno de diez hermanos, aprendi\u00f3 desde peque\u00f1o el valor del trabajo honrado de la mano de sus padres, humildes y sacrificados, a quienes record\u00f3 con emoci\u00f3n.<\/p>\n\n\n\n<p class=\"wp-block-paragraph\">Por eso, hoy no solo se homenajea al impecable abogado o al servidor p\u00fablico ejemplar, sino al hombre integral. Aquel de hablar profundo y pausado, que siempre sab\u00eda regalar la palabra precisa escoltada por esa chispa de humor fino que sacaba sonrisas en los momentos m\u00e1s inesperados. El hombre de fe firme, y con el pilar de un hogar donde su \u00abnegrita\u00bb, su amada se\u00f1ora Silvia, ha sido el centro y faro de su existencia.<\/p>\n\n\n\n<p class=\"wp-block-paragraph\">En este hito de vida, la emoci\u00f3n llen\u00f3 cada rinc\u00f3n. A su lado estuvieron su esposa, sus hijos, nuera y nieto, mientras que la distancia f\u00edsica se acort\u00f3 desde Barcelona y Santiago para que nadie en la familia se perdiera este instante. En ese mismo abrazo sincero lo acompa\u00f1aron la Delegada Presidencial Regional, Ericka Far\u00edas Guerra, el Gobernador Regional, Jorge Flies A\u00f1\u00f3n, y sus compa\u00f1eros de trabajo que escucharon sus palabras finales con un nudo en la garganta y el coraz\u00f3n lleno de gratitud.<\/p>\n\n\n\n<p class=\"wp-block-paragraph\">Se va un colega, pero se queda su legado.<\/p>\n\n\n\n<p class=\"wp-block-paragraph\">A don Manuel Barrera le deseamos una vida plena, rodeado del amor de la maravillosa familia que con tanto orgullo ha construido. Que esta nueva etapa est\u00e9 bendecida con la tranquilidad del deber cumplido y el merecido descanso.<\/p>\n\n\n\n<p class=\"wp-block-paragraph\">\u00a1Hasta siempre e infinitas gracias por todo, querido don Manuel!<\/p>\n\n\n\n<p class=\"wp-block-paragraph\">Fuente: Delegaci\u00f3n Presidencial Regional de Magallanes y la Ant\u00e1rtica Chilena<\/p>\n","protected":false},"excerpt":{"rendered":"<p>Hay huellas que el tiempo no borra, porque no se marcan en la tierra, sino en el alma de las personas. Hoy, tras 35 a\u00f1os de entrega incondicional, don Manuel&#8230; <a class=\"read-more\" href=\"https:\/\/www.radiopresidenteibanez.cl\/web\/tras-35-anos-de-servicio-abogado-manuel-barrera-deja-sus-funciones\/\">Leer m\u00e1s<\/a><\/p>\n","protected":false},"author":2,"featured_media":68401,"comment_status":"closed","ping_status":"closed","sticky":false,"template":"","format":"standard","meta":{"footnotes":""},"categories":[1],"tags":[],"class_list":["post-68398","post","type-post","status-publish","format-standard","has-post-thumbnail","hentry","category-cronica"],"_links":{"self":[{"href":"https:\/\/www.radiopresidenteibanez.cl\/web\/wp-json\/wp\/v2\/posts\/68398","targetHints":{"allow":["GET"]}}],"collection":[{"href":"https:\/\/www.radiopresidenteibanez.cl\/web\/wp-json\/wp\/v2\/posts"}],"about":[{"href":"https:\/\/www.radiopresidenteibanez.cl\/web\/wp-json\/wp\/v2\/types\/post"}],"author":[{"embeddable":true,"href":"https:\/\/www.radiopresidenteibanez.cl\/web\/wp-json\/wp\/v2\/users\/2"}],"replies":[{"embeddable":true,"href":"https:\/\/www.radiopresidenteibanez.cl\/web\/wp-json\/wp\/v2\/comments?post=68398"}],"version-history":[{"count":1,"href":"https:\/\/www.radiopresidenteibanez.cl\/web\/wp-json\/wp\/v2\/posts\/68398\/revisions"}],"predecessor-version":[{"id":68402,"href":"https:\/\/www.radiopresidenteibanez.cl\/web\/wp-json\/wp\/v2\/posts\/68398\/revisions\/68402"}],"wp:featuredmedia":[{"embeddable":true,"href":"https:\/\/www.radiopresidenteibanez.cl\/web\/wp-json\/wp\/v2\/media\/68401"}],"wp:attachment":[{"href":"https:\/\/www.radiopresidenteibanez.cl\/web\/wp-json\/wp\/v2\/media?parent=68398"}],"wp:term":[{"taxonomy":"category","embeddable":true,"href":"https:\/\/www.radiopresidenteibanez.cl\/web\/wp-json\/wp\/v2\/categories?post=68398"},{"taxonomy":"post_tag","embeddable":true,"href":"https:\/\/www.radiopresidenteibanez.cl\/web\/wp-json\/wp\/v2\/tags?post=68398"}],"curies":[{"name":"wp","href":"https:\/\/api.w.org\/{rel}","templated":true}]}}