{"id":68395,"date":"2026-09-01T08:08:08","date_gmt":"2026-09-01T11:08:08","guid":{"rendered":"https:\/\/www.radiopresidenteibanez.cl\/web\/?p=68395"},"modified":"2026-09-01T08:08:11","modified_gmt":"2026-09-01T11:08:11","slug":"el-descaro-de-celebrar-la-precarizacion-laboral-en-magallanes","status":"publish","type":"post","link":"https:\/\/www.radiopresidenteibanez.cl\/web\/el-descaro-de-celebrar-la-precarizacion-laboral-en-magallanes\/","title":{"rendered":"El descaro de celebrar la precarizaci\u00f3n laboral en Magallanes"},"content":{"rendered":"\n<p class=\"wp-block-paragraph\">El s\u00e1bado reci\u00e9n pasado, el Seremi del Trabajo de la Regi\u00f3n de Magallanes sacaba cuentas<br>alegres en una entrevista, y que hac\u00eda menci\u00f3n del nivel de cesant\u00eda regional. En medio de<br>una crisis nacional donde el desempleo ara\u00f1a los dos d\u00edgitos y la prensa nacional titula con<br>justa alarma que la cesant\u00eda en Chile alcanz\u00f3 su nivel m\u00e1s alto en cinco a\u00f1os, la autoridad<br>regional prefiri\u00f3 aplaudir el \u201cexitoso\u201d 5,9% de desocupaci\u00f3n local del trimestre mayo-julio<br>de 2026.<br>Sin embargo, celebrar este porcentaje no es solo un acto de miop\u00eda pol\u00edtica; es un descaro<br>frente a las familias que hoy sostienen la econom\u00eda regional a costa de su propia<br>desprotecci\u00f3n.<br>Las cifras fr\u00edas del Instituto Nacional de Estad\u00edsticas (INE) no mienten, pero hay que saber<br>leerlas completa, no solo la fila que conviene al Gobierno. El desempleo en Magallanes no<br>baj\u00f3 porque la econom\u00eda est\u00e9 pujante; baj\u00f3 porque los magall\u00e1nicos, ante la falta de<br>oportunidades formales, se vieron obligados a refugiarse masivamente en la informalidad<br>para no caer en la indigencia.<br>El empleo formal con contrato y derechos laborales en la regi\u00f3n est\u00e1 completamente<br>congelado: los asalariados del sector privado apenas variaron un miserable 0,4% interanual.<br>Entonces, \u00bfde d\u00f3nde salen los supuestos nuevos puestos de trabajo que celebra el seremi?<br>El mismo bolet\u00edn del INE entrega la inc\u00f3moda respuesta: los trabajadores por cuenta propia<br>se dispararon un impresionante 32,6%. No estamos hablando de nuevos contratos de<br>calidad en industrias s\u00f3lidas, sino de vecinos y vecinas que tuvieron que inventarse un<br>sustento diario \u2014comercio ambulante, servicios informales, delivery o venta de comida sin<br>resoluci\u00f3n sanitaria\u2014 porque los motores tradicionales del empleo formal privado, como la<br>construcci\u00f3n y el comercio establecido, registran n\u00fameros rojos y destrucci\u00f3n de plazas de<br>trabajo. Pero lo m\u00e1s grave de este an\u00e1lisis, y lo que el Seremi convenientemente omite en<br>su entrevista, es la profunda violencia econ\u00f3mica de g\u00e9nero que esconden estos datos.<br>Mientras la desocupaci\u00f3n masculina se sit\u00faa en un c\u00f3modo 4,5%, el desempleo femenino<br>se empina en un 7,7%. Peor a\u00fan: el INE revela que la ocupaci\u00f3n informal en Magallanes<br>creci\u00f3 un 9,7% total en un a\u00f1o, pero al desagregar este dato el impacto es brutal: la<br>informalidad laboral en los hombres subi\u00f3 un 4,4%, mientras que en las mujeres se dispar\u00f3<br>un escandaloso 15,0%.<br>\u00bfDe qu\u00e9 \u00e9xito nos habla la autoridad? Las mujeres de Magallanes est\u00e1n ingresando al<br>mercado laboral a la fuerza, pero lo hacen en condiciones de total vulnerabilidad: sin<br>previsi\u00f3n, sin salud, sin derecho a sala cuna, transando su estabilidad a cambio de un<br>ingreso de subsistencia. Eso no es reactivaci\u00f3n; es la precarizaci\u00f3n de los hogares<br>magall\u00e1nicos liderados por mujeres.<br>El mercado laboral de Magallanes no es una \u201cisla inmune\u201d a la crisis pa\u00eds. Padece<br>exactamente la misma enfermedad que el resto de Chile, solo que aqu\u00ed los s\u00edntomas se<br>camuflan bajo el disfraz del empleo por cuenta propia.<\/p>\n\n\n\n<p class=\"wp-block-paragraph\">Se\u00f1or Seremi, y autoridades regionales del gobierno de Kast, la dignidad de los<br>trabajadores de la regi\u00f3n no se mide en un porcentaje de una sola cifra para colgarse<br>medallas a trav\u00e9s de la prensa. Se mide en empleos estables, salarios dignos y protecci\u00f3n<br>social. Dejen de celebrar un espejismo que en la calle se vive como precariedad.<br>Sergio Reyes Tapia.<br>Periodista.<\/p>\n","protected":false},"excerpt":{"rendered":"<p>El s\u00e1bado reci\u00e9n pasado, el Seremi del Trabajo de la Regi\u00f3n de Magallanes sacaba cuentasalegres en una entrevista, y que hac\u00eda menci\u00f3n del nivel de cesant\u00eda regional. En medio deuna&#8230; <a class=\"read-more\" href=\"https:\/\/www.radiopresidenteibanez.cl\/web\/el-descaro-de-celebrar-la-precarizacion-laboral-en-magallanes\/\">Leer m\u00e1s<\/a><\/p>\n","protected":false},"author":2,"featured_media":68396,"comment_status":"closed","ping_status":"closed","sticky":false,"template":"","format":"standard","meta":{"footnotes":""},"categories":[1],"tags":[],"class_list":["post-68395","post","type-post","status-publish","format-standard","has-post-thumbnail","hentry","category-cronica"],"_links":{"self":[{"href":"https:\/\/www.radiopresidenteibanez.cl\/web\/wp-json\/wp\/v2\/posts\/68395","targetHints":{"allow":["GET"]}}],"collection":[{"href":"https:\/\/www.radiopresidenteibanez.cl\/web\/wp-json\/wp\/v2\/posts"}],"about":[{"href":"https:\/\/www.radiopresidenteibanez.cl\/web\/wp-json\/wp\/v2\/types\/post"}],"author":[{"embeddable":true,"href":"https:\/\/www.radiopresidenteibanez.cl\/web\/wp-json\/wp\/v2\/users\/2"}],"replies":[{"embeddable":true,"href":"https:\/\/www.radiopresidenteibanez.cl\/web\/wp-json\/wp\/v2\/comments?post=68395"}],"version-history":[{"count":1,"href":"https:\/\/www.radiopresidenteibanez.cl\/web\/wp-json\/wp\/v2\/posts\/68395\/revisions"}],"predecessor-version":[{"id":68397,"href":"https:\/\/www.radiopresidenteibanez.cl\/web\/wp-json\/wp\/v2\/posts\/68395\/revisions\/68397"}],"wp:featuredmedia":[{"embeddable":true,"href":"https:\/\/www.radiopresidenteibanez.cl\/web\/wp-json\/wp\/v2\/media\/68396"}],"wp:attachment":[{"href":"https:\/\/www.radiopresidenteibanez.cl\/web\/wp-json\/wp\/v2\/media?parent=68395"}],"wp:term":[{"taxonomy":"category","embeddable":true,"href":"https:\/\/www.radiopresidenteibanez.cl\/web\/wp-json\/wp\/v2\/categories?post=68395"},{"taxonomy":"post_tag","embeddable":true,"href":"https:\/\/www.radiopresidenteibanez.cl\/web\/wp-json\/wp\/v2\/tags?post=68395"}],"curies":[{"name":"wp","href":"https:\/\/api.w.org\/{rel}","templated":true}]}}