{"id":6839,"date":"2019-09-06T16:00:40","date_gmt":"2019-09-06T16:00:40","guid":{"rendered":"http:\/\/www.radiopresidenteibanez.cl\/web\/?p=6839"},"modified":"2019-09-06T16:00:46","modified_gmt":"2019-09-06T16:00:46","slug":"sec-magallanes-reitera-a-fonderos-exigencias-para-un-uso-seguro-de-los-energeticos-durante-fiestas-patrias","status":"publish","type":"post","link":"https:\/\/www.radiopresidenteibanez.cl\/web\/sec-magallanes-reitera-a-fonderos-exigencias-para-un-uso-seguro-de-los-energeticos-durante-fiestas-patrias\/","title":{"rendered":"SEC MAGALLANES REITERA A FONDEROS EXIGENCIAS PARA UN USO SEGURO DE LOS ENERG\u00c9TICOS DURANTE FIESTAS PATRIAS"},"content":{"rendered":"\n<p>La&nbsp;<strong>Direcci\u00f3n Regional Magallanes&nbsp;<\/strong>de la Superintendencia de Electricidad y Combustibles, SEC, reiter\u00f3 a la comunidad, y en especial a quienes instalar\u00e1n fondas y ramadas en el marco de las celebraciones de Fiestas Patrias, las disposiciones que deben seguir con la finalidad de minimizar eventuales situaciones de riesgo, al usar los energ\u00e9ticos, como por ejemplo la electricidad y el gas, al interior de estos recintos.<\/p>\n\n\n\n<p>Desde la entidad fiscalizadora recordaron que todas las instalaciones el\u00e9ctricas, habilitadas en zonas donde funcionar\u00e1n fondas y ramadas, deben ser realizadas por un Instalador Autorizado ante la SEC, siguiendo los est\u00e1ndares indicados en la normativa vigente y utilizando elementos debidamente certificados con su Sello SEC. Estas instalaciones deben ser declaradas ante la SEC, para lo cual basta con ingresar al sitio web&nbsp;<a href=\"http:\/\/www.sec.cl\/\" target=\"_blank\" rel=\"noreferrer noopener\">www.sec.cl<\/a>.<\/p>\n\n\n\n<p>En el caso del gas, desde&nbsp;<strong>SEC Magallanes&nbsp;<\/strong>se\u00f1alaron que los equipos que operen con este energ\u00e9tico, y sean usados en fondas y ramadas, deben ser instalados, y utilizados, en espacios ventilados, adem\u00e1s de ser sometidos a mantenciones, ya sea por Instaladores Autorizados o el Servicio T\u00e9cnico de cada marca. En el caso de necesitar adquirir un nuevo producto en el comercio, como por ejemplo una cocina, debe contar con su respectivo Sello SEC.<\/p>\n\n\n\n<p>Al momento de retirar el sello de seguridad de un cilindro de gas, no deben utilizarse elementos como cuchillos o tijeras, mientras que, para conectar todo cilindro a alg\u00fan artefacto, las mangueras y flexibles usados deben poseer su Sello SEC, no estando permitido ning\u00fan otro tipo de mangueras.&nbsp;&nbsp;<\/p>\n\n\n\n<p><strong>Juan Barticevic<\/strong>, Director Regional de&nbsp;<strong>SEC Magallanes<\/strong>, asegur\u00f3 que \u201ces clave que los trabajadores de las fondas y ramadas que se instalar\u00e1n en la regi\u00f3n, as\u00ed como los visitantes que lleguen durante Fiestas Patrias, cuenten con energ\u00e9ticos seguros y de calidad. Por ello, los responsables de estos recintos deben cumplir con todas las disposiciones de seguridad vigentes, para as\u00ed minimizar eventuales situaciones de riesgo\u201d.<\/p>\n\n\n\n<p>La autoridad, adem\u00e1s, inform\u00f3 que \u201cya remitimos a las distintas municipalidades toda la informaci\u00f3n vinculada a los documentos, procedimientos y plazos que los fonderos deben cumplir para poder utilizar los energ\u00e9ticos durante Fiestas Patrias, de forma segura y cumpliendo con las disposiciones normativas vigentes\u201d.<\/p>\n\n\n\n<p>Por \u00faltimo, desde&nbsp;<strong>SEC Magallanes<\/strong>&nbsp;indicaron que ante situaciones de potencial riesgo en el uso de los energ\u00e9ticos, la ciudadan\u00eda puede denunciar estos hechos desde su celular, ingresando a&nbsp;<a href=\"http:\/\/www.sec.cl\/\" target=\"_blank\" rel=\"noreferrer noopener\">www.sec.cl<\/a>&nbsp;desde el navegador, mientras que las consultas pueden ser efectuadas en las oficinas presentes en la regi\u00f3n, las municipalidades en convenio o el FONO SEC (600 6000 732).<\/p>\n\n\n\n<p>Adem\u00e1s, la invitaci\u00f3n es a seguir las cuentas de la SEC en Twitter (@SEC_cl) y Facebook, como Superintendencia SEC, donde la ciudadan\u00eda podr\u00e1 acceder a informaci\u00f3n \u00fatil, consejos de seguridad y calidad en el uso de los energ\u00e9ticos.<\/p>\n","protected":false},"excerpt":{"rendered":"<p>La&nbsp;Direcci\u00f3n Regional Magallanes&nbsp;de la Superintendencia de Electricidad y Combustibles, SEC, reiter\u00f3 a la comunidad, y en especial a quienes instalar\u00e1n fondas y ramadas en el marco de las celebraciones de&#8230; <a class=\"read-more\" href=\"https:\/\/www.radiopresidenteibanez.cl\/web\/sec-magallanes-reitera-a-fonderos-exigencias-para-un-uso-seguro-de-los-energeticos-durante-fiestas-patrias\/\">Leer m\u00e1s<\/a><\/p>\n","protected":false},"author":2,"featured_media":6840,"comment_status":"closed","ping_status":"closed","sticky":false,"template":"","format":"standard","meta":{"footnotes":""},"categories":[1],"tags":[],"class_list":["post-6839","post","type-post","status-publish","format-standard","has-post-thumbnail","hentry","category-cronica"],"_links":{"self":[{"href":"https:\/\/www.radiopresidenteibanez.cl\/web\/wp-json\/wp\/v2\/posts\/6839","targetHints":{"allow":["GET"]}}],"collection":[{"href":"https:\/\/www.radiopresidenteibanez.cl\/web\/wp-json\/wp\/v2\/posts"}],"about":[{"href":"https:\/\/www.radiopresidenteibanez.cl\/web\/wp-json\/wp\/v2\/types\/post"}],"author":[{"embeddable":true,"href":"https:\/\/www.radiopresidenteibanez.cl\/web\/wp-json\/wp\/v2\/users\/2"}],"replies":[{"embeddable":true,"href":"https:\/\/www.radiopresidenteibanez.cl\/web\/wp-json\/wp\/v2\/comments?post=6839"}],"version-history":[{"count":0,"href":"https:\/\/www.radiopresidenteibanez.cl\/web\/wp-json\/wp\/v2\/posts\/6839\/revisions"}],"wp:featuredmedia":[{"embeddable":true,"href":"https:\/\/www.radiopresidenteibanez.cl\/web\/wp-json\/wp\/v2\/media\/6840"}],"wp:attachment":[{"href":"https:\/\/www.radiopresidenteibanez.cl\/web\/wp-json\/wp\/v2\/media?parent=6839"}],"wp:term":[{"taxonomy":"category","embeddable":true,"href":"https:\/\/www.radiopresidenteibanez.cl\/web\/wp-json\/wp\/v2\/categories?post=6839"},{"taxonomy":"post_tag","embeddable":true,"href":"https:\/\/www.radiopresidenteibanez.cl\/web\/wp-json\/wp\/v2\/tags?post=6839"}],"curies":[{"name":"wp","href":"https:\/\/api.w.org\/{rel}","templated":true}]}}