{"id":68388,"date":"2026-08-31T18:39:00","date_gmt":"2026-08-31T21:39:00","guid":{"rendered":"https:\/\/www.radiopresidenteibanez.cl\/web\/?p=68388"},"modified":"2026-08-31T11:27:53","modified_gmt":"2026-08-31T14:27:53","slug":"subdere-anuncia-recursos-para-reparacion-de-baches-en-puerto-natales-y-revisa-avance-de-otras-iniciativas-en-la-comuna","status":"publish","type":"post","link":"https:\/\/www.radiopresidenteibanez.cl\/web\/subdere-anuncia-recursos-para-reparacion-de-baches-en-puerto-natales-y-revisa-avance-de-otras-iniciativas-en-la-comuna\/","title":{"rendered":"SUBDERE ANUNCIA RECURSOS PARA REPARACI\u00d3N DE BACHES EN PUERTO NATALES Y REVISA AVANCE DE OTRAS INICIATIVAS EN LA COMUNA"},"content":{"rendered":"\n<p class=\"wp-block-paragraph\">La Subsecretar\u00eda de Desarrollo Regional y Administrativo (SUBDERE), a trav\u00e9s de su Unidad Regional Magallanes y de la Ant\u00e1rtica Chilena, formaliz\u00f3 la entrega de recursos para la ejecuci\u00f3n del proyecto \u00abReparaci\u00f3n de V\u00edas Urbanas de Puerto Natales\u00bb, iniciativa financiada a trav\u00e9s del Programa de Mejoramiento Urbano (PMU).<br>El proyecto responde a la necesidad urgente de reparar diversas calzadas de la comuna que presentan un avanzado deterioro, situaci\u00f3n que ha significado un riesgo permanente para la seguridad de peatones y conductores. La intervenci\u00f3n contempla trabajos preparatorios de habilitaci\u00f3n de faena, se\u00f1alizaci\u00f3n provisoria de tr\u00e1nsito, y una renovaci\u00f3n estructural completa del pavimento en diversos puntos de la comuna, con un plazo de ejecuci\u00f3n de 90 d\u00edas corridos.<br>En ese sentido, el Jefe Regional SUBDERE declar\u00f3: \u201cesta iniciativa tiene por objeto principal reparar y renovar las calzadas da\u00f1adas para prevenir accidentes de tr\u00e1nsito, resguardar la integridad de peatones y conductores, elevar la calidad de vida de los vecinos de Puerto Natales\u201d.<br>El monto total de la iniciativa, que asciende a $113.616.863, financiado en su totalidad con fondos transferidos por SUBDERE, en el marco del compromiso permanente de la instituci\u00f3n con el desarrollo y la seguridad vial de las comunas de la regi\u00f3n.<br>En el marco de la misma jornada de trabajo en Puerto Natales, el Jefe de la Unidad Regional de SUBDERE Magallanes, Javier Labr\u00edn Jofr\u00e9, sostuvo un encuentro con la alcaldesa de la comuna, Ana Mar\u00eda Mayorga Bahamonde, instancia en la que se revis\u00f3 el estado de avance de otras iniciativas financiadas por la Subsecretar\u00eda a trav\u00e9s del Programa de Mejoramiento Urbano (PMU).<br>En el marco de la jornada, la autoridad regional, junto a la Delegada Presidencial Regional, Ericka Far\u00edas Guerra, visit\u00f3 las obras del Programa de Mejoramiento Urbano (PMU) que se ejecutan en la comuna, entre ellas la construcci\u00f3n de la Sede Vecinal N\u00b0 44 en el sector Pachamama, y las obras de normalizaci\u00f3n de zonas de parada de buses urbanos, que buscan dar respaldo a los nuevos servicios de transporte p\u00fablico de la ciudad.<br>La actividad permiti\u00f3 reafirmar el trabajo conjunto entre SUBDERE y el municipio de Puerto Natales, orientado a fortalecer la infraestructura urbana y la calidad de vida de sus habitantes.<\/p>\n","protected":false},"excerpt":{"rendered":"<p>La Subsecretar\u00eda de Desarrollo Regional y Administrativo (SUBDERE), a trav\u00e9s de su Unidad Regional Magallanes y de la Ant\u00e1rtica Chilena, formaliz\u00f3 la entrega de recursos para la ejecuci\u00f3n del proyecto&#8230; <a class=\"read-more\" href=\"https:\/\/www.radiopresidenteibanez.cl\/web\/subdere-anuncia-recursos-para-reparacion-de-baches-en-puerto-natales-y-revisa-avance-de-otras-iniciativas-en-la-comuna\/\">Leer m\u00e1s<\/a><\/p>\n","protected":false},"author":2,"featured_media":68393,"comment_status":"closed","ping_status":"closed","sticky":false,"template":"","format":"standard","meta":{"footnotes":""},"categories":[1],"tags":[],"class_list":["post-68388","post","type-post","status-publish","format-standard","has-post-thumbnail","hentry","category-cronica"],"_links":{"self":[{"href":"https:\/\/www.radiopresidenteibanez.cl\/web\/wp-json\/wp\/v2\/posts\/68388","targetHints":{"allow":["GET"]}}],"collection":[{"href":"https:\/\/www.radiopresidenteibanez.cl\/web\/wp-json\/wp\/v2\/posts"}],"about":[{"href":"https:\/\/www.radiopresidenteibanez.cl\/web\/wp-json\/wp\/v2\/types\/post"}],"author":[{"embeddable":true,"href":"https:\/\/www.radiopresidenteibanez.cl\/web\/wp-json\/wp\/v2\/users\/2"}],"replies":[{"embeddable":true,"href":"https:\/\/www.radiopresidenteibanez.cl\/web\/wp-json\/wp\/v2\/comments?post=68388"}],"version-history":[{"count":1,"href":"https:\/\/www.radiopresidenteibanez.cl\/web\/wp-json\/wp\/v2\/posts\/68388\/revisions"}],"predecessor-version":[{"id":68394,"href":"https:\/\/www.radiopresidenteibanez.cl\/web\/wp-json\/wp\/v2\/posts\/68388\/revisions\/68394"}],"wp:featuredmedia":[{"embeddable":true,"href":"https:\/\/www.radiopresidenteibanez.cl\/web\/wp-json\/wp\/v2\/media\/68393"}],"wp:attachment":[{"href":"https:\/\/www.radiopresidenteibanez.cl\/web\/wp-json\/wp\/v2\/media?parent=68388"}],"wp:term":[{"taxonomy":"category","embeddable":true,"href":"https:\/\/www.radiopresidenteibanez.cl\/web\/wp-json\/wp\/v2\/categories?post=68388"},{"taxonomy":"post_tag","embeddable":true,"href":"https:\/\/www.radiopresidenteibanez.cl\/web\/wp-json\/wp\/v2\/tags?post=68388"}],"curies":[{"name":"wp","href":"https:\/\/api.w.org\/{rel}","templated":true}]}}