{"id":68385,"date":"2026-08-31T17:49:00","date_gmt":"2026-08-31T20:49:00","guid":{"rendered":"https:\/\/www.radiopresidenteibanez.cl\/web\/?p=68385"},"modified":"2026-08-31T11:12:47","modified_gmt":"2026-08-31T14:12:47","slug":"mas-de-3000-personas-se-reunieron-en-la-gran-fiesta-del-dia-del-nino-en-el-gimnasio-fiscal","status":"publish","type":"post","link":"https:\/\/www.radiopresidenteibanez.cl\/web\/mas-de-3000-personas-se-reunieron-en-la-gran-fiesta-del-dia-del-nino-en-el-gimnasio-fiscal\/","title":{"rendered":"M\u00e1s de 3000 personas se reunieron en la gran Fiesta del D\u00eda del Ni\u00f1o en el Gimnasio Fiscal"},"content":{"rendered":"\n<p class=\"wp-block-paragraph\">Con una gran convocatoria y una desbordante energ\u00eda, el<br>Gimnasio Fiscal de Punta Arenas se transform\u00f3 este s\u00e1bado en el gran epicentro regional de la<br>infancia. Cientos de ni\u00f1os, ni\u00f1as y sus familias colmaron las instalaciones para disfrutar de la<br>masiva Plaza Ciudadana del D\u00eda del Ni\u00f1o, una iniciativa organizada a trav\u00e9s del programa Gobierno<br>en Terreno de la Delegaci\u00f3n Presidencial Regional, junto al Instituto Nacional de Deportes (IND),<br>que super\u00f3 todas las expectativas de convocatoria y permiti\u00f3 acercar la oferta p\u00fablica a la<br>comunidad en un espacio de encuentro, integraci\u00f3n, vida saludable y sana recreaci\u00f3n.<br>La actividad reuni\u00f3 a decenas de instituciones y organizaciones que trabajaron coordinadamente<br>para ofrecer una experiencia integral a las familias. Fuerzas Armadas, polic\u00edas, servicios p\u00fablicos,<br>municipalidad, organizaciones sociales y entidades privadas dispusieron stands, demostraciones,<br>talleres y actividades especialmente pensadas para los m\u00e1s peque\u00f1os.<br>Tras el exitoso despliegue, la Delegada Presidencial Regional, Ericka Far\u00edas Guerra, destac\u00f3 la<br>capacidad de coordinaci\u00f3n alcanzada entre las distintas instituciones: \u201cEsta convocatoria da<br>cuenta del enorme trabajo intersectorial que logramos desplegar hoy como Gobierno. Logramos<br>convocar a decenas de servicios p\u00fablicos, Fuerzas Armadas y organizaciones para poner la oferta<br>del Estado al servicio directo de las familias de Magallanes en un solo lugar. Cumplimos con el<br>objetivo de garantizar un espacio p\u00fablico seguro, accesible y de primer nivel para nuestros ni\u00f1os,<br>demostrando que cuando el Estado se coordina de manera eficiente, impacta positivamente en la<br>calidad de vida de nuestra comunidad\u201d.<br>El recinto deportivo cobr\u00f3 vida gracias a una minuciosa preparaci\u00f3n previa de las instituciones<br>participantes, que dise\u00f1aron experiencias formativas, educativas y recreativas para todas las<br>edades. El p\u00fablico pudo disfrutar de muestras caninas, exhibiciones operativas, veh\u00edculos de<br>emergencia, carreras de autos a control remoto, circuitos motrices, espacios sensoriales<br>adaptados, m\u00f3dulos de educaci\u00f3n ambiental y talleres pr\u00e1cticos de alimentaci\u00f3n saludable, salud<br>y primeros auxilios, entre muchas otras actividades.<\/p>\n\n\n\n<p class=\"wp-block-paragraph\">La celebraci\u00f3n tambi\u00e9n cont\u00f3 con la participaci\u00f3n de carism\u00e1ticos corp\u00f3reos, rutinas de baile,<br>presentaciones de danza y disciplinas deportivas como taekwondo y gimnasia r\u00edtmica, adem\u00e1s de<\/p>\n\n\n\n<p class=\"wp-block-paragraph\">espacios de pinta caritas, manicure infantil,<br>juegos inflables y diversas sorpresas preparadas especialmente para los ni\u00f1os y ni\u00f1as.<br>El Seremi de Gobierno, \u00c1ngel Roa, destac\u00f3 la importancia de generar espacios de encuentro<br>familiar y promoci\u00f3n del bienestar integral: \u201cEste es uno de los Gobiernos en Terreno m\u00e1s grandes<br>que realizamos en el a\u00f1o. Instancias recreativas como esta, donde participa la familia completa y<br>se involucran todos los servicios, nos ayudan profundamente a fortalecer la salud mental de<br>nuestros ni\u00f1os y ni\u00f1as, lo cual es una prioridad absoluta para nuestro Gobierno. Agradecemos al<br>IND por facilitar el Gimnasio Fiscal para desarrollar esta actividad. Ah\u00ed estuve recorriendo los<br>stands, las Fuerzas Armadas, Carabineros con sus caballos, y hasta mis peque\u00f1as andaban<br>cantando y divirti\u00e9ndose. En Magallanes nos conocemos todos y es hermoso ser parte de este tipo<br>de actividades tambi\u00e9n como usuario\u201d.<br>Un gran despliegue intersectorial<br>Uno de los principales sellos de la jornada fue precisamente la articulaci\u00f3n entre las distintas<br>instituciones que trabajan diariamente por el bienestar, la protecci\u00f3n y el desarrollo de ni\u00f1os,<br>ni\u00f1as y adolescentes en la regi\u00f3n, junto con la participaci\u00f3n de organismos privados y<br>organizaciones sociales.<br>El despliegue cont\u00f3 con la participaci\u00f3n de la Fuerza A\u00e9rea de Chile, Ej\u00e9rcito, Armada, Carabineros<br>de Chile, Polic\u00eda de Investigaciones (PDI), Gendarmer\u00eda de Chile, Bomberos, Club de Leones,<br>Servicio Agr\u00edcola y Ganadero (SAG), Ministerio de Educaci\u00f3n, Servicio de Salud Magallanes, Conaf,<br>Cormupa, Elige Vivir Sano, Senda, Lazos, BancoEstado, Servicio de Protecci\u00f3n Especializada a la<br>Ni\u00f1ez y Adolescencia, Corporaci\u00f3n de Asistencia Judicial, Oficina Local de la Ni\u00f1ez (OLN),<br>Fundaci\u00f3n Viva, Dupla Psiconutricional del IND y Radio Controlados, entre otras instituciones y<br>organizaciones que se sumaron a esta celebraci\u00f3n.<br>Tambi\u00e9n estuvieron presentes JUNJI, Fundaci\u00f3n Integra, Secreduc, el Servicio Local de Educaci\u00f3n<br>P\u00fablica (SLEP) y el Centro de Rehabilitaci\u00f3n Club de Leones Cruz del Sur, adem\u00e1s de otros servicios<br>y programas que acercaron sus prestaciones a las familias.<br>En el \u00e1mbito de la seguridad y la prevenci\u00f3n, las Fuerzas Armadas y de Orden tuvieron una<br>participaci\u00f3n especialmente activa, con demostraciones, veh\u00edculos, equipamiento, experiencias<br>interactivas y actividades que permitieron a los ni\u00f1os y ni\u00f1as conocer de manera cercana el<br>trabajo que desarrollan estas instituciones. Carabineros, adem\u00e1s, sorprendi\u00f3 a los asistentes con la<br>presencia de sus caballos y la participaci\u00f3n de equipos especializados.<br>Por su parte, los distintos servicios p\u00fablicos aprovecharon la instancia para entregar informaci\u00f3n,<br>orientaci\u00f3n y herramientas a las familias, abordando materias vinculadas a educaci\u00f3n, salud,<br>protecci\u00f3n de derechos, prevenci\u00f3n, alimentaci\u00f3n saludable, actividad f\u00edsica, medioambiente y<br>bienestar integral. A trav\u00e9s de programas como Senda Previene y Lazos, ejecutados por la<br>Delegaci\u00f3n Presidencial Regional, se reforz\u00f3 adem\u00e1s el componente preventivo de la actividad,<br>acercando a ni\u00f1os, ni\u00f1as, adolescentes y sus familias a iniciativas destinadas a fortalecer factores<br>protectores y promover entornos seguros.<br>En ese sentido, el encargado de deporte formativo del IND, Guillermo Rodr\u00edguez, resalt\u00f3 la alianza<br>estrat\u00e9gica entre las instituciones para promover h\u00e1bitos de vida saludables: \u201cHoy estamos<\/p>\n\n\n\n<p class=\"wp-block-paragraph\">cerrando este Mes del Ni\u00f1o en un d\u00eda<\/p>\n\n\n\n<p class=\"wp-block-paragraph\">espectacular junto a Gobierno en Terreno y todos nuestros servicios p\u00fablicos, que trajeron<br>actividades s\u00faper entretenidas. Tuvimos al Ej\u00e9rcito con zonas de obst\u00e1culos, el recinto lleno de<br>juegos inflables y una gran circulaci\u00f3n de personas. Esto es parte de la promoci\u00f3n de la actividad<br>f\u00edsica que impulsamos desde el Instituto Nacional de Deportes para mejorar la calidad de vida de<br>las familias magall\u00e1nicas a trav\u00e9s de un panorama sano y diferente\u201d.<br>Los ni\u00f1os: los protagonistas<br>Los verdaderos protagonistas de la tarde fueron los ni\u00f1os y ni\u00f1as, quienes disfrutaron<br>aprendiendo, jugando y participando en cada rinc\u00f3n del recinto.<br>La peque\u00f1a Ignacia Soto relat\u00f3 su experiencia tras recorrer los distintos m\u00f3dulos: \u201cLa pas\u00e9 muy<br>bien porque hab\u00eda muchas cosas. Lo m\u00e1s divertido es que te ense\u00f1aban y a trav\u00e9s de la ense\u00f1anza<br>uno aprend\u00eda, y adem\u00e1s te daban regalos por participar. Hab\u00eda harta gente, pero no era inc\u00f3modo<br>ni nada, fue muy divertido\u201d.<br>Por su parte, Maira Torres comparti\u00f3 entusiasmada los momentos que m\u00e1s captaron su atenci\u00f3n<br>durante el evento: \u201cHab\u00eda hartas actividades en las que te daban recompensas y en otras<br>ense\u00f1aban c\u00f3mo defenderse. Tambi\u00e9n mostraron a \u2018Berl\u00edn\u2019, que es un perro que detecta drogas,<br>hab\u00eda juegos inflables y presentaciones de taekwondo y gimnasia r\u00edtmica. Hab\u00eda un mont\u00f3n de<br>gente por todas partes, pero estuvo todo muy entretenido y bonito\u201d.<br>La masiva celebraci\u00f3n permiti\u00f3 as\u00ed cerrar el Mes del Ni\u00f1o con una jornada en la que el trabajo<br>colaborativo entre instituciones p\u00fablicas, Fuerzas Armadas, polic\u00edas, organizaciones sociales y<br>actores privados se puso al servicio de las familias, demostrando que la coordinaci\u00f3n y el trabajo<br>conjunto permiten generar espacios de encuentro, participaci\u00f3n y bienestar para la comunidad.<br>M\u00e1s que una celebraci\u00f3n, la actividad se convirti\u00f3 en una verdadera Plaza Ciudadana para la<br>infancia, donde ni\u00f1os, ni\u00f1as y sus familias pudieron conocer la labor de las instituciones, acceder a<br>informaci\u00f3n y servicios, disfrutar de actividades gratuitas y, sobre todo, compartir un d\u00eda pensado<br>especialmente para ellos.<\/p>\n","protected":false},"excerpt":{"rendered":"<p>Con una gran convocatoria y una desbordante energ\u00eda, elGimnasio Fiscal de Punta Arenas se transform\u00f3 este s\u00e1bado en el gran epicentro regional de lainfancia. Cientos de ni\u00f1os, ni\u00f1as y sus&#8230; <a class=\"read-more\" href=\"https:\/\/www.radiopresidenteibanez.cl\/web\/mas-de-3000-personas-se-reunieron-en-la-gran-fiesta-del-dia-del-nino-en-el-gimnasio-fiscal\/\">Leer m\u00e1s<\/a><\/p>\n","protected":false},"author":2,"featured_media":68386,"comment_status":"closed","ping_status":"closed","sticky":false,"template":"","format":"standard","meta":{"footnotes":""},"categories":[1],"tags":[],"class_list":["post-68385","post","type-post","status-publish","format-standard","has-post-thumbnail","hentry","category-cronica"],"_links":{"self":[{"href":"https:\/\/www.radiopresidenteibanez.cl\/web\/wp-json\/wp\/v2\/posts\/68385","targetHints":{"allow":["GET"]}}],"collection":[{"href":"https:\/\/www.radiopresidenteibanez.cl\/web\/wp-json\/wp\/v2\/posts"}],"about":[{"href":"https:\/\/www.radiopresidenteibanez.cl\/web\/wp-json\/wp\/v2\/types\/post"}],"author":[{"embeddable":true,"href":"https:\/\/www.radiopresidenteibanez.cl\/web\/wp-json\/wp\/v2\/users\/2"}],"replies":[{"embeddable":true,"href":"https:\/\/www.radiopresidenteibanez.cl\/web\/wp-json\/wp\/v2\/comments?post=68385"}],"version-history":[{"count":1,"href":"https:\/\/www.radiopresidenteibanez.cl\/web\/wp-json\/wp\/v2\/posts\/68385\/revisions"}],"predecessor-version":[{"id":68387,"href":"https:\/\/www.radiopresidenteibanez.cl\/web\/wp-json\/wp\/v2\/posts\/68385\/revisions\/68387"}],"wp:featuredmedia":[{"embeddable":true,"href":"https:\/\/www.radiopresidenteibanez.cl\/web\/wp-json\/wp\/v2\/media\/68386"}],"wp:attachment":[{"href":"https:\/\/www.radiopresidenteibanez.cl\/web\/wp-json\/wp\/v2\/media?parent=68385"}],"wp:term":[{"taxonomy":"category","embeddable":true,"href":"https:\/\/www.radiopresidenteibanez.cl\/web\/wp-json\/wp\/v2\/categories?post=68385"},{"taxonomy":"post_tag","embeddable":true,"href":"https:\/\/www.radiopresidenteibanez.cl\/web\/wp-json\/wp\/v2\/tags?post=68385"}],"curies":[{"name":"wp","href":"https:\/\/api.w.org\/{rel}","templated":true}]}}