{"id":68382,"date":"2026-08-31T16:07:00","date_gmt":"2026-08-31T19:07:00","guid":{"rendered":"https:\/\/www.radiopresidenteibanez.cl\/web\/?p=68382"},"modified":"2026-08-31T11:04:58","modified_gmt":"2026-08-31T14:04:58","slug":"quilapayun-celebra-sus-60-anos-con-la-gira-cantata-santa-maria-de-iquique","status":"publish","type":"post","link":"https:\/\/www.radiopresidenteibanez.cl\/web\/quilapayun-celebra-sus-60-anos-con-la-gira-cantata-santa-maria-de-iquique\/","title":{"rendered":"QUILAPAY\u00daN celebra sus 60 a\u00f1os con la gira \u201cCANTATA SANTA MAR\u00cdA DE IQUIQUE\u201d"},"content":{"rendered":"\n<p class=\"wp-block-paragraph\">La reconocida banda nacional, se presentar\u00e1 en PUNTA ARENAS el d\u00eda s\u00e1bado 26<br>Septiembre desde las 20.00 horas en el GIMNASIO CONFEDERACI\u00d3N DEPORTIVA DE<br>MAGALLANES de la ciudad, y traer\u00e1 de vuelta a este escenario la obra cumbre de la<br>m\u00fasica chilena.<br>En 1965, en la ciudad de Santiago naci\u00f3 QUILAPAY\u00daN, banda que a lo largo de los a\u00f1os se<br>ha transformado en uno de los \u00edconos de la Nueva Canci\u00f3n Chilena. Sesenta a\u00f1os despu\u00e9s,<br>la agrupaci\u00f3n que tuvo entre sus directores art\u00edsticos a \u00c1ngel Parra y V\u00edctor Jara, se<br>reunir\u00e1 con su p\u00fablico para celebrar este aniversario y presentar en vivo el espect\u00e1culo<br>\u201cCANTATA SANTA MAR\u00cdA DE IQUIQUE Y CANCIONES PARA LEVANTAR VUELO\u201d, en un<br>show de dos horas de duraci\u00f3n.<br>La Cantata Santa Mar\u00eda, compuesta por Luis Advis en 1969, es una de las obras<br>fundamentales de la m\u00fasica y la cultura chilena y en ella se relata la matanza de la Escuela<br>Santa Mar\u00eda de Iquique, ocurrida el 21 de diciembre de 1907, dejando un legado que ha<br>traspasado fronteras gracias a su mensaje de unidad y esperanza, los que siguen m\u00e1s<br>vigentes que nunca.<br>*Ciudad: PUNTA ARENAS<br>*Lugar: GIMNASIO CONFEDERACI\u00d3N DEPORTIVA DE MAGALLANES<br>*Fecha: S\u00c1BADO 26 SEPTIEMBRE 2026<br>*Hora: 20.00 horas<br>*Venta entradas: PASSLINE (<a href=\"http:\/\/www.passline.cl\">www.passline.cl<\/a>) \/ QUILAPAY\u00daN<br>*Valores entradas: $19.000 a $42.000 m\u00e1s cargos por servicio<br><\/p>\n","protected":false},"excerpt":{"rendered":"<p>La reconocida banda nacional, se presentar\u00e1 en PUNTA ARENAS el d\u00eda s\u00e1bado 26Septiembre desde las 20.00 horas en el GIMNASIO CONFEDERACI\u00d3N DEPORTIVA DEMAGALLANES de la ciudad, y traer\u00e1 de vuelta&#8230; <a class=\"read-more\" href=\"https:\/\/www.radiopresidenteibanez.cl\/web\/quilapayun-celebra-sus-60-anos-con-la-gira-cantata-santa-maria-de-iquique\/\">Leer m\u00e1s<\/a><\/p>\n","protected":false},"author":2,"featured_media":68383,"comment_status":"closed","ping_status":"closed","sticky":false,"template":"","format":"standard","meta":{"footnotes":""},"categories":[1],"tags":[],"class_list":["post-68382","post","type-post","status-publish","format-standard","has-post-thumbnail","hentry","category-cronica"],"_links":{"self":[{"href":"https:\/\/www.radiopresidenteibanez.cl\/web\/wp-json\/wp\/v2\/posts\/68382","targetHints":{"allow":["GET"]}}],"collection":[{"href":"https:\/\/www.radiopresidenteibanez.cl\/web\/wp-json\/wp\/v2\/posts"}],"about":[{"href":"https:\/\/www.radiopresidenteibanez.cl\/web\/wp-json\/wp\/v2\/types\/post"}],"author":[{"embeddable":true,"href":"https:\/\/www.radiopresidenteibanez.cl\/web\/wp-json\/wp\/v2\/users\/2"}],"replies":[{"embeddable":true,"href":"https:\/\/www.radiopresidenteibanez.cl\/web\/wp-json\/wp\/v2\/comments?post=68382"}],"version-history":[{"count":1,"href":"https:\/\/www.radiopresidenteibanez.cl\/web\/wp-json\/wp\/v2\/posts\/68382\/revisions"}],"predecessor-version":[{"id":68384,"href":"https:\/\/www.radiopresidenteibanez.cl\/web\/wp-json\/wp\/v2\/posts\/68382\/revisions\/68384"}],"wp:featuredmedia":[{"embeddable":true,"href":"https:\/\/www.radiopresidenteibanez.cl\/web\/wp-json\/wp\/v2\/media\/68383"}],"wp:attachment":[{"href":"https:\/\/www.radiopresidenteibanez.cl\/web\/wp-json\/wp\/v2\/media?parent=68382"}],"wp:term":[{"taxonomy":"category","embeddable":true,"href":"https:\/\/www.radiopresidenteibanez.cl\/web\/wp-json\/wp\/v2\/categories?post=68382"},{"taxonomy":"post_tag","embeddable":true,"href":"https:\/\/www.radiopresidenteibanez.cl\/web\/wp-json\/wp\/v2\/tags?post=68382"}],"curies":[{"name":"wp","href":"https:\/\/api.w.org\/{rel}","templated":true}]}}