{"id":68379,"date":"2026-08-31T14:52:00","date_gmt":"2026-08-31T17:52:00","guid":{"rendered":"https:\/\/www.radiopresidenteibanez.cl\/web\/?p=68379"},"modified":"2026-08-31T10:56:56","modified_gmt":"2026-08-31T13:56:56","slug":"inician-agenda-para-fortalecer-el-ecosistema-regional-de-emprendimiento-e-innovacion","status":"publish","type":"post","link":"https:\/\/www.radiopresidenteibanez.cl\/web\/inician-agenda-para-fortalecer-el-ecosistema-regional-de-emprendimiento-e-innovacion\/","title":{"rendered":"Inician agenda para fortalecer el ecosistema regional de emprendimiento e innovaci\u00f3n"},"content":{"rendered":"\n<p class=\"wp-block-paragraph\">\u201cNo basta con generar v\u00ednculos: hay que sostenerlos, profundizarlos y traducirlos en resultados\u201d, afirm\u00f3 el profesional a cargo de la Unidad de Estudios Regionales de la Universidad de Magallanes (UER UMAG), Felipe Lagos Rojas, en la reciente&nbsp;<a href=\"https:\/\/www.youtube.com\/live\/PBV9Nunl5AA?si=AAAYWccvhDYC-8xM\" target=\"_blank\" rel=\"noopener\"><strong>Jornada de Intercambio CORFO\u2013Academia<\/strong><\/a>, realizada este viernes 21 de agosto en la casa de estudios.&nbsp;<\/p>\n\n\n\n<p class=\"wp-block-paragraph\">La actividad tuvo como eje la presentaci\u00f3n del \u201cModelo de Medici\u00f3n de Ecosistemas de Emprendimiento e Innovaci\u00f3n y sus resultados para la Regi\u00f3n de Magallanes y de la Ant\u00e1rtica Chilena\u201d, y fue concebida tambi\u00e9n como el punto de partida de un Plan de Vinculaci\u00f3n Corfo\u2013Academia UMAG, orientado a generar espacios permanentes de intercambio, an\u00e1lisis y construcci\u00f3n de iniciativas conjuntas entre la Corporaci\u00f3n de Fomento de la Producci\u00f3n de Magallanes y la universidad estatal de la regi\u00f3n.<\/p>\n\n\n\n<p class=\"wp-block-paragraph\">Este Modelo -presentado de manera remota desde Santiago- observ\u00f3 el ecosistema regional como una red de actores y relaciones, m\u00e1s que la suma de instituciones o programas. Su metodolog\u00eda se estructur\u00f3 en tres componentes interrelacionados: las&nbsp;<strong>condiciones del entorno<\/strong>&nbsp;(factores estructurales del territorio), las&nbsp;<strong>condiciones sist\u00e9micas<\/strong>&nbsp;(n\u00facleo din\u00e1mico sensible a la acci\u00f3n colectiva y a las pol\u00edticas territoriales), y la&nbsp;<strong>actividad emprendedora<\/strong>&nbsp;(resultado observable). El dise\u00f1o integr\u00f3 adem\u00e1s un tratamiento estad\u00edstico que permite comparar los indicadores con los de nivel nacional.<\/p>\n\n\n\n<h2 class=\"wp-block-heading\"><a><\/a><strong>Diagn\u00f3stico de Magallanes: fortalezas y debilidades<\/strong><\/h2>\n\n\n\n<p class=\"wp-block-paragraph\">En las condiciones del entorno, la regi\u00f3n presenta una base socioecon\u00f3mica robusta y una fuerte apertura externa, asociada a su actividad importadora y exportadora. Al mismo tiempo, el tama\u00f1o del mercado interno y la inversi\u00f3n extranjera directa aparecen como limitaciones dentro de esta dimensi\u00f3n.<\/p>\n\n\n\n<p class=\"wp-block-paragraph\">En materia de infraestructura habilitante, Magallanes destaca por su conectividad digital, su nivel de bancarizaci\u00f3n y una elevada producci\u00f3n energ\u00e9tica. El acceso a infraestructura, sin embargo, se encuentra por debajo del promedio nacional.<\/p>\n\n\n\n<p class=\"wp-block-paragraph\">En lo referido a institucionalidad, la regi\u00f3n presenta el nivel m\u00e1s bajo de inseguridad ciudadana entre las regiones comparadas, y los valores m\u00e1s altos en percepci\u00f3n de baja corrupci\u00f3n y acceso a la informaci\u00f3n p\u00fablica. En contraste, el desempe\u00f1o de los tribunales se encuentra bajo la media nacional.<\/p>\n\n\n\n<p class=\"wp-block-paragraph\">En sostenibilidad, uno de los indicadores m\u00e1s destacados corresponde a la adhesi\u00f3n de las empresas a la Ley de 40 horas. Magallanes alcanza 100 puntos en este indicador, frente a un promedio nacional de 51,3.&nbsp;En materia de certificaci\u00f3n ambiental municipal, en cambio, registra 41,8 puntos, por debajo del promedio nacional de 58,5.<\/p>\n\n\n\n<p class=\"wp-block-paragraph\">El diagn\u00f3stico identifica adem\u00e1s un alto volumen de actores en la regi\u00f3n, con din\u00e1micas sociales que muestran una estructura de red segmentada en subgrupos, con conexiones limitadas entre s\u00ed. En cuanto a las condiciones de innovaci\u00f3n, Magallanes cuenta con infraestructura de ciencia, tecnolog\u00eda e innovaci\u00f3n, formaci\u00f3n de talento y una buena productividad cient\u00edfica, aunque se puede mejorar en colaboraci\u00f3n y gasto en investigaci\u00f3n y desarrollo.<\/p>\n\n\n\n<p class=\"wp-block-paragraph\">La regi\u00f3n muestra una masa emprendedora con capacidades, aunque la valoraci\u00f3n social y reconocimiento como opci\u00f3n profesional se encuentran por debajo del promedio nacional. Es m\u00e1s: el crecimiento de nuevas empresas alcanza 42,2 puntos, frente a la media de 47,6 en todo Chile. La principal brecha es el financiamiento, pues la regi\u00f3n no registra participaci\u00f3n en capital de riesgo. Por \u00faltimo, en materia de innovaci\u00f3n, Magallanes presenta un buen desempe\u00f1o, particularmente en producci\u00f3n de patentes, mientras que los niveles de colaboraci\u00f3n interinstitucional se mantienen en un rango moderado.<\/p>\n\n\n\n<h2 class=\"wp-block-heading\"><a><\/a><strong>La UMAG como actor estrat\u00e9gico del ecosistema<\/strong><\/h2>\n\n\n\n<p class=\"wp-block-paragraph\">La vinculaci\u00f3n con la academia constituye uno de los componentes centrales de la estrategia planteada por CORFO. La UMAG es reconocida en este contexto como un actor estrat\u00e9gico, por su capacidad para generar conocimientos, formar talento, investigar los desaf\u00edos del territorio y contribuir a transformar ideas en soluciones.<\/p>\n\n\n\n<p class=\"wp-block-paragraph\">Uno de los objetivos del Plan de Vinculaci\u00f3n Corfo\u2013Academia UMAG es identificar las capacidades acad\u00e9micas, t\u00e9cnicas y de investigaci\u00f3n que puedan aportar al desarrollo productivo regional, junto con acercar los instrumentos, programas y l\u00edneas de apoyo de CORFO a la comunidad universitaria. La propuesta contempla adem\u00e1s promover la participaci\u00f3n de estudiantes, investigadores, docentes y unidades de vinculaci\u00f3n en desaf\u00edos relacionados.<\/p>\n\n\n\n<p class=\"wp-block-paragraph\">Javier Romero, Director Regional de Corfo Magallanes, manifest\u00f3 que la intenci\u00f3n es que esta jornada abierta y participativa, sea \u00fatil \u201cno s\u00f3lo conocer los resultados que hoy se presentar\u00e1n, sino tambi\u00e9n mirar hacia adelante e identificar los pr\u00f3ximos pasos que podemos dar en conjunto\u201d. En tanto, el vicerrector de Investigaci\u00f3n de la UMAG, M\u00e1ximo Frangopulos Rivera, plante\u00f3 que \u201clos desaf\u00edos productivos, sociales y culturales del territorio tambi\u00e9n deben ingresar a las l\u00edneas de investigaci\u00f3n de la universidad, para que puedan traducirse en preguntas, proyectos y soluciones concretas\u201d.<\/p>\n","protected":false},"excerpt":{"rendered":"<p>\u201cNo basta con generar v\u00ednculos: hay que sostenerlos, profundizarlos y traducirlos en resultados\u201d, afirm\u00f3 el profesional a cargo de la Unidad de Estudios Regionales de la Universidad de Magallanes (UER&#8230; <a class=\"read-more\" href=\"https:\/\/www.radiopresidenteibanez.cl\/web\/inician-agenda-para-fortalecer-el-ecosistema-regional-de-emprendimiento-e-innovacion\/\">Leer m\u00e1s<\/a><\/p>\n","protected":false},"author":2,"featured_media":68380,"comment_status":"closed","ping_status":"closed","sticky":false,"template":"","format":"standard","meta":{"footnotes":""},"categories":[1],"tags":[],"class_list":["post-68379","post","type-post","status-publish","format-standard","has-post-thumbnail","hentry","category-cronica"],"_links":{"self":[{"href":"https:\/\/www.radiopresidenteibanez.cl\/web\/wp-json\/wp\/v2\/posts\/68379","targetHints":{"allow":["GET"]}}],"collection":[{"href":"https:\/\/www.radiopresidenteibanez.cl\/web\/wp-json\/wp\/v2\/posts"}],"about":[{"href":"https:\/\/www.radiopresidenteibanez.cl\/web\/wp-json\/wp\/v2\/types\/post"}],"author":[{"embeddable":true,"href":"https:\/\/www.radiopresidenteibanez.cl\/web\/wp-json\/wp\/v2\/users\/2"}],"replies":[{"embeddable":true,"href":"https:\/\/www.radiopresidenteibanez.cl\/web\/wp-json\/wp\/v2\/comments?post=68379"}],"version-history":[{"count":1,"href":"https:\/\/www.radiopresidenteibanez.cl\/web\/wp-json\/wp\/v2\/posts\/68379\/revisions"}],"predecessor-version":[{"id":68381,"href":"https:\/\/www.radiopresidenteibanez.cl\/web\/wp-json\/wp\/v2\/posts\/68379\/revisions\/68381"}],"wp:featuredmedia":[{"embeddable":true,"href":"https:\/\/www.radiopresidenteibanez.cl\/web\/wp-json\/wp\/v2\/media\/68380"}],"wp:attachment":[{"href":"https:\/\/www.radiopresidenteibanez.cl\/web\/wp-json\/wp\/v2\/media?parent=68379"}],"wp:term":[{"taxonomy":"category","embeddable":true,"href":"https:\/\/www.radiopresidenteibanez.cl\/web\/wp-json\/wp\/v2\/categories?post=68379"},{"taxonomy":"post_tag","embeddable":true,"href":"https:\/\/www.radiopresidenteibanez.cl\/web\/wp-json\/wp\/v2\/tags?post=68379"}],"curies":[{"name":"wp","href":"https:\/\/api.w.org\/{rel}","templated":true}]}}