{"id":68376,"date":"2026-08-31T12:51:00","date_gmt":"2026-08-31T15:51:00","guid":{"rendered":"https:\/\/www.radiopresidenteibanez.cl\/web\/?p=68376"},"modified":"2026-08-31T10:49:11","modified_gmt":"2026-08-31T13:49:11","slug":"indh-magallanes-invita-a-las-infancias-a-vivir-gota-a-gota-obra-sobre-el-cuidado-del-agua","status":"publish","type":"post","link":"https:\/\/www.radiopresidenteibanez.cl\/web\/indh-magallanes-invita-a-las-infancias-a-vivir-gota-a-gota-obra-sobre-el-cuidado-del-agua\/","title":{"rendered":"INDH MAGALLANES INVITA A LAS INFANCIAS A VIVIR \u201cGOTA A GOTA\u201d: OBRA SOBRE EL CUIDADO DEL AGUA"},"content":{"rendered":"\n<p class=\"wp-block-paragraph\">El pr\u00f3ximo 1 y 2 de septiembre La \u00daltima Compa\u00f1\u00eda de Teatro visitar\u00e1 cuatro jardines infantiles de Puerto Natales, donde presentar\u00e1n una obra titulada \u201cGota a Gota\u201d una iniciativa de sensibilizaci\u00f3n y educaci\u00f3n en torno al cuidado del agua. La invitaci\u00f3n proviene del Instituto Nacional de Derechos Humanos (INDH) Magallanes y contempla m\u00e1s funciones en Punta Arenas y Porvenir.<\/p>\n\n\n\n<p class=\"wp-block-paragraph\">Lesera es una divertida payasita que, sin darse cuenta, tiene un gran problema: desperdicia el agua sin medir las consecuencias. Lo que empieza como un descuido cotidiano se convierte en una aventura descomunal, cuando su despilfarro agota el agua de su comunidad, de su pa\u00eds y de todo el \u00abMundo Mundial\u00bb. Cuando todo parece perdido, aparece el Hada del Agua para ayudarla a comprender que el agua no es un recurso infinito, y que cuidarla depende de las peque\u00f1as decisiones de cada d\u00eda. Pero Lesera no puede lograrlo sola: necesita la ayuda de los ni\u00f1os y ni\u00f1as para salvar el agua del planeta.<\/p>\n\n\n\n<p class=\"wp-block-paragraph\">\u201cGota a Gota\u201d es una comedia familiar de aproximadamente 30 minutos, dirigida por Cristi\u00e1n Bustamante, interpretada y escrita por Daniela Ram\u00edrez, y desarrollada esc\u00e9nicamente por La \u00daltima Compa\u00f1\u00eda de Teatro.<\/p>\n\n\n\n<p class=\"wp-block-paragraph\">\u201cEn momentos en que la disponibilidad y protecci\u00f3n del agua constituye uno de los grandes desaf\u00edos de nuestro tiempo, la iniciativa busca acercar esta reflexi\u00f3n a las nuevas generaciones desde un lenguaje especialmente pensado para ellas: el teatro, el juego, el humor y la imaginaci\u00f3n\u201d, expres\u00f3 Cristian Bustamante, director de La \u00daltima Compa\u00f1\u00eda de Teatro.<\/p>\n\n\n\n<p class=\"wp-block-paragraph\">Adem\u00e1s, agreg\u00f3 que la campa\u00f1a propone que ni\u00f1os y ni\u00f1as no sean solamente espectadores, sino protagonistas de una experiencia que les permita comprender, de manera cercana y entretenida, por qu\u00e9 el agua es fundamental para la vida y c\u00f3mo nuestras acciones cotidianas pueden contribuir a protegerla.<\/p>\n\n\n\n<p class=\"wp-block-paragraph\">La obra se presentar\u00e1 en los jardines Hielos patag\u00f3nicos, Monta\u00f1as Azules, Copito de Nieve y Nubes Azules de Puerto Natales, con una funci\u00f3n en cada jard\u00edn en las jornadas de ma\u00f1ana y tarde.<\/p>\n","protected":false},"excerpt":{"rendered":"<p>El pr\u00f3ximo 1 y 2 de septiembre La \u00daltima Compa\u00f1\u00eda de Teatro visitar\u00e1 cuatro jardines infantiles de Puerto Natales, donde presentar\u00e1n una obra titulada \u201cGota a Gota\u201d una iniciativa de&#8230; <a class=\"read-more\" href=\"https:\/\/www.radiopresidenteibanez.cl\/web\/indh-magallanes-invita-a-las-infancias-a-vivir-gota-a-gota-obra-sobre-el-cuidado-del-agua\/\">Leer m\u00e1s<\/a><\/p>\n","protected":false},"author":2,"featured_media":68377,"comment_status":"closed","ping_status":"closed","sticky":false,"template":"","format":"standard","meta":{"footnotes":""},"categories":[1],"tags":[],"class_list":["post-68376","post","type-post","status-publish","format-standard","has-post-thumbnail","hentry","category-cronica"],"_links":{"self":[{"href":"https:\/\/www.radiopresidenteibanez.cl\/web\/wp-json\/wp\/v2\/posts\/68376","targetHints":{"allow":["GET"]}}],"collection":[{"href":"https:\/\/www.radiopresidenteibanez.cl\/web\/wp-json\/wp\/v2\/posts"}],"about":[{"href":"https:\/\/www.radiopresidenteibanez.cl\/web\/wp-json\/wp\/v2\/types\/post"}],"author":[{"embeddable":true,"href":"https:\/\/www.radiopresidenteibanez.cl\/web\/wp-json\/wp\/v2\/users\/2"}],"replies":[{"embeddable":true,"href":"https:\/\/www.radiopresidenteibanez.cl\/web\/wp-json\/wp\/v2\/comments?post=68376"}],"version-history":[{"count":1,"href":"https:\/\/www.radiopresidenteibanez.cl\/web\/wp-json\/wp\/v2\/posts\/68376\/revisions"}],"predecessor-version":[{"id":68378,"href":"https:\/\/www.radiopresidenteibanez.cl\/web\/wp-json\/wp\/v2\/posts\/68376\/revisions\/68378"}],"wp:featuredmedia":[{"embeddable":true,"href":"https:\/\/www.radiopresidenteibanez.cl\/web\/wp-json\/wp\/v2\/media\/68377"}],"wp:attachment":[{"href":"https:\/\/www.radiopresidenteibanez.cl\/web\/wp-json\/wp\/v2\/media?parent=68376"}],"wp:term":[{"taxonomy":"category","embeddable":true,"href":"https:\/\/www.radiopresidenteibanez.cl\/web\/wp-json\/wp\/v2\/categories?post=68376"},{"taxonomy":"post_tag","embeddable":true,"href":"https:\/\/www.radiopresidenteibanez.cl\/web\/wp-json\/wp\/v2\/tags?post=68376"}],"curies":[{"name":"wp","href":"https:\/\/api.w.org\/{rel}","templated":true}]}}