{"id":68366,"date":"2026-08-31T09:54:25","date_gmt":"2026-08-31T12:54:25","guid":{"rendered":"https:\/\/www.radiopresidenteibanez.cl\/web\/?p=68366"},"modified":"2026-08-31T09:54:33","modified_gmt":"2026-08-31T12:54:33","slug":"declaracion-publica-del-partido-comunista-de-chile-regional-magallanes-2","status":"publish","type":"post","link":"https:\/\/www.radiopresidenteibanez.cl\/web\/declaracion-publica-del-partido-comunista-de-chile-regional-magallanes-2\/","title":{"rendered":"DECLARACI\u00d3N P\u00daBLICA DEL PARTIDO COMUNISTA DE CHILE REGIONAL MAGALLANES."},"content":{"rendered":"\n<p class=\"wp-block-paragraph\">El Comit\u00e9 Regional Magallanes del Partido Comunista de Chile manifiesta su absoluto<br>rechazo a la presencia del Presidente Jos\u00e9 Antonio Kast en nuestra regi\u00f3n. Su viaje no<br>busca el desarrollo, sino maquillar un gobierno de ultraderecha que violenta a las mayor\u00edas<br>para favorecer a los grandes grupos econ\u00f3micos.<br>La cesant\u00eda en Magallanes es dram\u00e1tica; los empleos de mera supervivencia superan el<br>32,6%, golpeando severamente a las mujeres trabajadoras. Mientras las familias sufren el<br>alza continua de combustibles, el gobierno ejecuta recortes criminales en salud, educaci\u00f3n y<br>vivienda, paralizando la infraestructura regional, como ya advirti\u00f3 la C\u00e1mara Chilena de la<br>Construcci\u00f3n.<br>Denunciamos con fuerza la eliminaci\u00f3n del Plan de Zonas Extremas y la retenci\u00f3n ilegal de<br>fondos comprometidos. Esta medida centralista asfixia financieramente a Magallanes y<br>desampara por completo a nuestra poblaci\u00f3n.<br>El Presidente es una persona no grata porque busca desmantelar los derechos hist\u00f3ricos de<br>los trabajadores, pretendiendo precarizar la jornada laboral y reducir las indemnizaciones<br>por a\u00f1os de servicio, mientras impulsa una reforma tributaria hecha a la medida de los<br>superricos.<br>Tras fracasar en seguridad p\u00fablica, ahora el Ejecutivo pretende instalar una Reforma<br>Constitucional que vulnera los Derechos Humanos. Como un \u201cladr\u00f3n en la noche\u201d, busca<br>un Estado de Excepci\u00f3n permanente para concentrar el poder absoluto de detener y<br>perseguir. Magallanes no aceptar\u00e1 conductas dictatoriales.<br>El gobierno de Kast ha quitado su m\u00e1scara multicultural demostrando un profundo<br>desprecio por las primeras naciones. Las recientes declaraciones del ministro de Defensa,<br>Fernando Barros, constituyen una amenaza expl\u00edcita de car\u00e1cter abiertamente racista. Al<br>tildar a los pueblos ind\u00edgenas como \u201cun peligro para el pa\u00eds\u201d y calificar leyes de resguardo<br>b\u00e1sico \u2014como el Convenio 169 de la OIT, la Ley Ind\u00edgena y la Ley Lafkenche\u2014 como<br>una \u201camenaza\u201d, el ministro vulnera sus garant\u00edas fundamentales. Esta postura de Estado<br>revela una alarmante intenci\u00f3n por eliminar, asfixiar y exterminar los intereses, derechos<br>territoriales y la cosmogon\u00eda de los pueblos originarios.<br>Por \u00faltimo, la visita presidencial a nuestra regi\u00f3n combativa es un distractor medi\u00e1tico.<br>Utilizan un falso patriotismo para ocultar el fracaso de una diplomacia que nos cuesta<br>aranceles del 12,5% con EE. UU, mientras intentan sumarnos a una peligrosa escalada<br>armament\u00edstica vecinal. Los trabajadores sufren por igual la opresi\u00f3n en ambos pa\u00edses. La<br>discordia o guerra les conviene a los opresores, la Paz, a los trabajadores.<br>Sepa el Presidente que la miseria de su gesti\u00f3n no se puede esconder detr\u00e1s de granjas de<br>bots falsos en redes sociales, y que gente de su sector los ha denunciado.<\/p>\n\n\n\n<p class=\"wp-block-paragraph\">Magallanes tiene memoria, dignidad ancestral y defender\u00e1 con firmeza su soberan\u00eda, su<br>democracia, los derechos de sus trabajadores y el respeto irrestricto a los pueblos<br>originarios.<br>PARTIDO COMUNISTA DE CHILE &#8211; REGIONAL MAGALLANES.<\/p>\n","protected":false},"excerpt":{"rendered":"<p>El Comit\u00e9 Regional Magallanes del Partido Comunista de Chile manifiesta su absolutorechazo a la presencia del Presidente Jos\u00e9 Antonio Kast en nuestra regi\u00f3n. Su viaje nobusca el desarrollo, sino maquillar&#8230; <a class=\"read-more\" href=\"https:\/\/www.radiopresidenteibanez.cl\/web\/declaracion-publica-del-partido-comunista-de-chile-regional-magallanes-2\/\">Leer m\u00e1s<\/a><\/p>\n","protected":false},"author":2,"featured_media":68367,"comment_status":"closed","ping_status":"closed","sticky":false,"template":"","format":"standard","meta":{"footnotes":""},"categories":[1],"tags":[],"class_list":["post-68366","post","type-post","status-publish","format-standard","has-post-thumbnail","hentry","category-cronica"],"_links":{"self":[{"href":"https:\/\/www.radiopresidenteibanez.cl\/web\/wp-json\/wp\/v2\/posts\/68366","targetHints":{"allow":["GET"]}}],"collection":[{"href":"https:\/\/www.radiopresidenteibanez.cl\/web\/wp-json\/wp\/v2\/posts"}],"about":[{"href":"https:\/\/www.radiopresidenteibanez.cl\/web\/wp-json\/wp\/v2\/types\/post"}],"author":[{"embeddable":true,"href":"https:\/\/www.radiopresidenteibanez.cl\/web\/wp-json\/wp\/v2\/users\/2"}],"replies":[{"embeddable":true,"href":"https:\/\/www.radiopresidenteibanez.cl\/web\/wp-json\/wp\/v2\/comments?post=68366"}],"version-history":[{"count":1,"href":"https:\/\/www.radiopresidenteibanez.cl\/web\/wp-json\/wp\/v2\/posts\/68366\/revisions"}],"predecessor-version":[{"id":68368,"href":"https:\/\/www.radiopresidenteibanez.cl\/web\/wp-json\/wp\/v2\/posts\/68366\/revisions\/68368"}],"wp:featuredmedia":[{"embeddable":true,"href":"https:\/\/www.radiopresidenteibanez.cl\/web\/wp-json\/wp\/v2\/media\/68367"}],"wp:attachment":[{"href":"https:\/\/www.radiopresidenteibanez.cl\/web\/wp-json\/wp\/v2\/media?parent=68366"}],"wp:term":[{"taxonomy":"category","embeddable":true,"href":"https:\/\/www.radiopresidenteibanez.cl\/web\/wp-json\/wp\/v2\/categories?post=68366"},{"taxonomy":"post_tag","embeddable":true,"href":"https:\/\/www.radiopresidenteibanez.cl\/web\/wp-json\/wp\/v2\/tags?post=68366"}],"curies":[{"name":"wp","href":"https:\/\/api.w.org\/{rel}","templated":true}]}}