{"id":68363,"date":"2026-08-31T08:46:30","date_gmt":"2026-08-31T11:46:30","guid":{"rendered":"https:\/\/www.radiopresidenteibanez.cl\/web\/?p=68363"},"modified":"2026-08-31T08:46:35","modified_gmt":"2026-08-31T11:46:35","slug":"frente-amplio-inicia-una-nueva-etapa-en-magallanes","status":"publish","type":"post","link":"https:\/\/www.radiopresidenteibanez.cl\/web\/frente-amplio-inicia-una-nueva-etapa-en-magallanes\/","title":{"rendered":"Frente Amplio inicia una nueva etapa en Magallanes"},"content":{"rendered":"\n<p class=\"wp-block-paragraph\">El Frente Amplio realiz\u00f3 el s\u00e1bado 29 de agosto el cambio de mando de su Direcci\u00f3n Regional.<br>La actividad reuni\u00f3 a militantes, autoridades regionales y comunales, representantes electos y<br>dirigentes de partidos pol\u00edticos. Durante la ceremonia se firm\u00f3 el acta de traspaso y la direcci\u00f3n<br>saliente, encabezada por Pablo Cifuentes, entreg\u00f3 las llaves de la sede a la nueva conducci\u00f3n<br>regional.<br>El presidente entrante, Marco Uribe, agradeci\u00f3 a quienes dirigieron el partido durante los<br>\u00faltimos dos a\u00f1os y destac\u00f3 que la nueva etapa recoge el trabajo y la experiencia construida:<br>\u201cNinguna direcci\u00f3n comienza desde cero. Recibimos un partido con historia, experiencia y un<br>enorme potencial. Nuestro desaf\u00edo ahora es proyectarlo hacia adelante\u201d<br>En su intervenci\u00f3n, plante\u00f3 que uno de los principales desaf\u00edos ser\u00e1 construir una organizaci\u00f3n<br>capaz de pensar Magallanes desde Magallanes, fortaleciendo la presencia del partido en Punta<br>Arenas, \u00daltima Esperanza, Tierra del Fuego y la Ant\u00e1rtica Chilena.<br>La nueva direcci\u00f3n se comprometi\u00f3 a mejorar la comunicaci\u00f3n con la militancia, ampliar los<br>espacios de participaci\u00f3n, fortalecer las asambleas y los frentes, formar nuevos liderazgos y<br>avanzar en una propuesta regional sobre aquellos \u00e1mbitos que m\u00e1s afectan la vida de las<br>personas como seguridad y empleo.<br>Uribe se\u00f1al\u00f3 adem\u00e1s que el partido ejercer\u00e1 su rol de oposici\u00f3n reconociendo las decisiones<br>que beneficien a la regi\u00f3n, fiscalizando la gesti\u00f3n p\u00fablica y rechazando retrocesos para<br>Magallanes: \u201cSeremos una oposici\u00f3n firme frente a cualquier decisi\u00f3n del Gobierno que<br>signifique un retroceso para nuestra regi\u00f3n. Pero tambi\u00e9n queremos construir una alternativa<br>con propuestas y esperanza, porque Magallanes tiene la fuerza y las capacidades para definir su<br>futuro desde su propia gente\u201d.<\/p>\n","protected":false},"excerpt":{"rendered":"<p>El Frente Amplio realiz\u00f3 el s\u00e1bado 29 de agosto el cambio de mando de su Direcci\u00f3n Regional.La actividad reuni\u00f3 a militantes, autoridades regionales y comunales, representantes electos ydirigentes de partidos&#8230; <a class=\"read-more\" href=\"https:\/\/www.radiopresidenteibanez.cl\/web\/frente-amplio-inicia-una-nueva-etapa-en-magallanes\/\">Leer m\u00e1s<\/a><\/p>\n","protected":false},"author":2,"featured_media":68364,"comment_status":"closed","ping_status":"closed","sticky":false,"template":"","format":"standard","meta":{"footnotes":""},"categories":[1],"tags":[],"class_list":["post-68363","post","type-post","status-publish","format-standard","has-post-thumbnail","hentry","category-cronica"],"_links":{"self":[{"href":"https:\/\/www.radiopresidenteibanez.cl\/web\/wp-json\/wp\/v2\/posts\/68363","targetHints":{"allow":["GET"]}}],"collection":[{"href":"https:\/\/www.radiopresidenteibanez.cl\/web\/wp-json\/wp\/v2\/posts"}],"about":[{"href":"https:\/\/www.radiopresidenteibanez.cl\/web\/wp-json\/wp\/v2\/types\/post"}],"author":[{"embeddable":true,"href":"https:\/\/www.radiopresidenteibanez.cl\/web\/wp-json\/wp\/v2\/users\/2"}],"replies":[{"embeddable":true,"href":"https:\/\/www.radiopresidenteibanez.cl\/web\/wp-json\/wp\/v2\/comments?post=68363"}],"version-history":[{"count":1,"href":"https:\/\/www.radiopresidenteibanez.cl\/web\/wp-json\/wp\/v2\/posts\/68363\/revisions"}],"predecessor-version":[{"id":68365,"href":"https:\/\/www.radiopresidenteibanez.cl\/web\/wp-json\/wp\/v2\/posts\/68363\/revisions\/68365"}],"wp:featuredmedia":[{"embeddable":true,"href":"https:\/\/www.radiopresidenteibanez.cl\/web\/wp-json\/wp\/v2\/media\/68364"}],"wp:attachment":[{"href":"https:\/\/www.radiopresidenteibanez.cl\/web\/wp-json\/wp\/v2\/media?parent=68363"}],"wp:term":[{"taxonomy":"category","embeddable":true,"href":"https:\/\/www.radiopresidenteibanez.cl\/web\/wp-json\/wp\/v2\/categories?post=68363"},{"taxonomy":"post_tag","embeddable":true,"href":"https:\/\/www.radiopresidenteibanez.cl\/web\/wp-json\/wp\/v2\/tags?post=68363"}],"curies":[{"name":"wp","href":"https:\/\/api.w.org\/{rel}","templated":true}]}}