{"id":6836,"date":"2019-09-06T15:58:42","date_gmt":"2019-09-06T15:58:42","guid":{"rendered":"http:\/\/www.radiopresidenteibanez.cl\/web\/?p=6836"},"modified":"2019-09-06T15:58:47","modified_gmt":"2019-09-06T15:58:47","slug":"cequa-crea-conciencia-sobre-el-cambio-climatico-a-traves-de-la-investigacion-y-la-educacion","status":"publish","type":"post","link":"https:\/\/www.radiopresidenteibanez.cl\/web\/cequa-crea-conciencia-sobre-el-cambio-climatico-a-traves-de-la-investigacion-y-la-educacion\/","title":{"rendered":"CEQUA CREA CONCIENCIA SOBRE EL CAMBIO CLIM\u00c1TICO A TRAV\u00c9S DE LA INVESTIGACI\u00d3N Y LA EDUCACI\u00d3N"},"content":{"rendered":"\n<p>El cambio clim\u00e1tico es uno de los\nproblemas ambientales m\u00e1s graves que enfrenta la humanidad. En el Centro\nRegional Fundaci\u00f3n CEQUA hay conciencia de que el calentamiento global amenaza\na los ecosistemas mundiales, comprometiendo el bienestar de los seres vivos y\nel desarrollo sostenible. <\/p>\n\n\n\n<p>Varias de sus investigaciones y sus\nacciones de divulgaci\u00f3n y educaci\u00f3n se centran en este tipo de tem\u00e1ticas, que\nno deben estar ajenas a las comunidades.<\/p>\n\n\n\n<p>Ejemplo de ello son estudios como el\nmonitoreo de glaciares en el Fiordo de Agostini y c\u00f3mo est\u00e1n respondiendo las\nmasas de hielo de Patagonia a ciertos factores atmosf\u00e9ricos. Investigadores de\nla L\u00ednea de Cambio Clim\u00e1tico y Variaciones Recientes, como Cristiane Carvalho e\nInti Gonz\u00e1lez, destacan las actividades realizadas en el monitoreo de glaciares\ndel Fiordo de Agostini, en los que comparan su comportamiento&nbsp; a lo largo de los \u00faltimos 70 a\u00f1os. <\/p>\n\n\n\n<p>El equipo est\u00e1 analizando c\u00f3mo los\nglaciares han respondido al calentamiento global a partir de factores como el\naumento de la temperatura. <\/p>\n\n\n\n<p>La observaci\u00f3n de la presencia de hielo\nmarino en los fiordos de la Cordillera Darwin figura como otro de los hitos de\nla investigaci\u00f3n CEQUA en la tem\u00e1tica de cambio clim\u00e1tico.<\/p>\n\n\n\n<p>\u201cNo es s\u00f3lo una <\/p>\n\n\n\n<p>cuesti\u00f3n ambiental\u201d<\/p>\n\n\n\n<p>\u201cEl cambio clim\u00e1tico no es una cuesti\u00f3n\nambiental, sino que afecta a todas las \u00e1reas de desarrollo. Y en un nivel\npersonal, por ejemplo, parte por considerar decisiones de consumo sustentable\npara ir en armon\u00eda con el medio ambiente\u201d, plantea Milithza Rodr\u00edguez, quien\nlidera el Departamento de Gesti\u00f3n Territorial y Transferencia para el\nDesarrollo de CEQUA.<\/p>\n\n\n\n<p>Esta unidad naci\u00f3 con el objetivo de\nresponder a la necesidad de generar capacidades t\u00e9cnicas a nivel local unidas\ncon instrumentos que favorezcan el desarrollo territorial. Por otro lado, si\nbien el cambio clim\u00e1tico, se ha vuelto m\u00e1s medi\u00e1tico, no se ha materializado en\nacciones concretas que ayuden a adaptarnos.<\/p>\n\n\n\n<p>La profesional destaca alianzas con\ninstituciones como Adapt Chile, ONG que propone llevar la gesti\u00f3n del cambio\nclim\u00e1tico a nivel local. En el caso de CEQUA figuran experiencias como la\nparticipaci\u00f3n como integrante del Comit\u00e9 Regional de Cambio Clim\u00e1tico; la\nasesor\u00eda a la Municipalidad de Torres del Paine para lograr la acreditaci\u00f3n\nSCAM (Sistema de Certificaci\u00f3n Ambiental Municipal); la planificaci\u00f3n local de\ncambio clim\u00e1tico de la misma comuna; o el taller-conversatorio sobre\nplanificaci\u00f3n territorial y desarrollo sustentable organizado en colaboraci\u00f3n\ncon la Asociaci\u00f3n Regional de Municipalidades de Magallanes (Amumag). CEQUA particip\u00f3\ntambi\u00e9n en la Primera Cumbre de Gobiernos Locales por el Cambio Clim\u00e1tico,\nrealizada en octubre del a\u00f1o pasado en Rapa Nui, territorio insular chileno. <\/p>\n\n\n\n<p>\u201cEl cambio clim\u00e1tico es un fen\u00f3meno\nglobal que tiene implicancias locales. Para hacerle frente se necesita\nfortalecer el capital social de los territorios. Por ejemplo, en materia de\ngesti\u00f3n de riesgos y desastres El conocimiento debe aportar al desarrollo de\nplanificaci\u00f3n a nivel local, y como centro de investigaci\u00f3n tenemos que ayudar\na generar comunidades resilientes (capaces de sobreponerse a lo adverso) y a\nreducir la vulnerabilidad a nivel local. El trabajo no se hace solo y una\ninstituci\u00f3n requiere de las otras. Se necesita generar alianzas que permitan ir\nfortaleciendo este capital social\u201d, refuerza la investigadora.<\/p>\n\n\n\n<p>Resalta la oportunidad que significa que\nChile sea sede de la Conferencia de las Naciones Unidas sobre el Cambio\nClim\u00e1tico, COP25, evento que se realizar\u00e1 en Santiago en diciembre pr\u00f3ximo y\nque se convierte en una oportunidad para impulsar acciones que ayude a mitigar\nlos efectos del cambio clim\u00e1tico.<\/p>\n\n\n\n<p>Educaci\u00f3n desde <\/p>\n\n\n\n<p>la primera infancia<\/p>\n\n\n\n<p>CEQUA organiza cada a\u00f1o el evento\ndenominado La Hora del Planeta. Se trata de una iniciativa de la WWF (por sus\nsiglas en ingl\u00e9s), Fondo Mundial para la Naturaleza, organizaci\u00f3n\nconservacionista m\u00e1s grande del mundo, que aspira a incentivar cambios que\nayuden a combatir el cambio clim\u00e1tico. Este a\u00f1o la conmemoraci\u00f3n se realiz\u00f3 en\nla Plaza de Armas de Punta Arenas y cont\u00f3 con la participaci\u00f3n de comunidades\neducativas y sus familias.<\/p>\n\n\n\n<p>Romina L\u00f3pez, divulgadora cient\u00edfica\npara la educaci\u00f3n de CEQUA, explica que este tipo de acciones apuntan a\ninformar, educar y motivar sobre la importancia de modificar conductas al\ninterior de los hogares y los lugares de trabajo para ayudar al medio ambiente.<\/p>\n\n\n\n<p>Valora la alianza que CEQUA ha generado\ncon instituciones educativas como, por ejemplo, el jard\u00edn infantil y sala cuna\nMagallanes, de Fundaci\u00f3n Integra, que incentiva el reciclaje y el\naprovechamiento de los recursos materiales.<\/p>\n\n\n\n<p>CEQUA organiza peri\u00f3dicamente charlas\neducativas que apelan a la eficiencia energ\u00e9tica y a la gesti\u00f3n de residuos. Se\ntrata de campa\u00f1as traspasan los establecimientos educacionales y cuentan con la\nparticipaci\u00f3n de las familias.<\/p>\n\n\n\n<p>Recientemente el centro de investigaci\u00f3n\nregional se acredit\u00f3 como Oficina Verde, en un plan piloto liderado por el\nMinisterio del Medio Ambiente. Se espera concientizar a los funcionarios sobre\npr\u00e1cticas amigables y llevarlas a sus hogares. Se trabajar\u00e1 adem\u00e1s en la\nmedici\u00f3n de la huella de carbono, entendida como un indicador ambiental que\nrefleja los gases de efecto invernadero emitidos por efecto directo o indirecto\npor personas, organizaciones, eventos o productos.<\/p>\n\n\n\n<p>\u201cAs\u00ed como se ha apoyado a otras\ninstituciones en fortalecer sus actividades, esta vez nos incorporamos al\nconcepto de Oficina Verde para darle m\u00e1s consecuencia al trabajo realizado\u201d,\nagrega Romina L\u00f3pez.<\/p>\n","protected":false},"excerpt":{"rendered":"<p>El cambio clim\u00e1tico es uno de los problemas ambientales m\u00e1s graves que enfrenta la humanidad. En el Centro Regional Fundaci\u00f3n CEQUA hay conciencia de que el calentamiento global amenaza a&#8230; <a class=\"read-more\" href=\"https:\/\/www.radiopresidenteibanez.cl\/web\/cequa-crea-conciencia-sobre-el-cambio-climatico-a-traves-de-la-investigacion-y-la-educacion\/\">Leer m\u00e1s<\/a><\/p>\n","protected":false},"author":2,"featured_media":6837,"comment_status":"closed","ping_status":"closed","sticky":false,"template":"","format":"standard","meta":{"footnotes":""},"categories":[1],"tags":[],"class_list":["post-6836","post","type-post","status-publish","format-standard","has-post-thumbnail","hentry","category-cronica"],"_links":{"self":[{"href":"https:\/\/www.radiopresidenteibanez.cl\/web\/wp-json\/wp\/v2\/posts\/6836","targetHints":{"allow":["GET"]}}],"collection":[{"href":"https:\/\/www.radiopresidenteibanez.cl\/web\/wp-json\/wp\/v2\/posts"}],"about":[{"href":"https:\/\/www.radiopresidenteibanez.cl\/web\/wp-json\/wp\/v2\/types\/post"}],"author":[{"embeddable":true,"href":"https:\/\/www.radiopresidenteibanez.cl\/web\/wp-json\/wp\/v2\/users\/2"}],"replies":[{"embeddable":true,"href":"https:\/\/www.radiopresidenteibanez.cl\/web\/wp-json\/wp\/v2\/comments?post=6836"}],"version-history":[{"count":0,"href":"https:\/\/www.radiopresidenteibanez.cl\/web\/wp-json\/wp\/v2\/posts\/6836\/revisions"}],"wp:featuredmedia":[{"embeddable":true,"href":"https:\/\/www.radiopresidenteibanez.cl\/web\/wp-json\/wp\/v2\/media\/6837"}],"wp:attachment":[{"href":"https:\/\/www.radiopresidenteibanez.cl\/web\/wp-json\/wp\/v2\/media?parent=6836"}],"wp:term":[{"taxonomy":"category","embeddable":true,"href":"https:\/\/www.radiopresidenteibanez.cl\/web\/wp-json\/wp\/v2\/categories?post=6836"},{"taxonomy":"post_tag","embeddable":true,"href":"https:\/\/www.radiopresidenteibanez.cl\/web\/wp-json\/wp\/v2\/tags?post=6836"}],"curies":[{"name":"wp","href":"https:\/\/api.w.org\/{rel}","templated":true}]}}