{"id":68356,"date":"2026-08-31T08:27:23","date_gmt":"2026-08-31T11:27:23","guid":{"rendered":"https:\/\/www.radiopresidenteibanez.cl\/web\/?p=68356"},"modified":"2026-08-31T08:27:25","modified_gmt":"2026-08-31T11:27:25","slug":"la-montana-rusa-de-mario-marcel","status":"publish","type":"post","link":"https:\/\/www.radiopresidenteibanez.cl\/web\/la-montana-rusa-de-mario-marcel\/","title":{"rendered":"LA MONTA\u00d1A RUSA DE MARIO MARCEL"},"content":{"rendered":"\n<p class=\"wp-block-paragraph\">El 18 de agosto reci\u00e9n pasado recibimos en Magallanes la visita del ex ministro de Hacienda Mario Marcel,<br>por la presentaci\u00f3n de su libro \u201cLa monta\u00f1a rusa\u201d. En un auditorio Ernesto Livacic de la UMAG, repleto de gente<br>de todas las edades y oficios, la actividad cont\u00f3 con la participaci\u00f3n de la ex senadora Carolina Goic y el<br>presidente Gabriel Boric, quienes actuaron como presentadores del libro. No es frecuente que un economista<br>concite tal grado de inter\u00e9s del p\u00fablico en general, no ya del c\u00edrculo de pol\u00edticos, acad\u00e9micos o actores p\u00fablicos.<br>Se vio entre la concurrencia a un buen n\u00famero de j\u00f3venes, lo que habla bien de la casa de estudios en orden a<br>motivar el inter\u00e9s en la econom\u00eda del pa\u00eds. Tuve el privilegio de llegar con mi librito y el destacado ex ministro<br>tuvo la amabilidad de escribir una dedicatoria. Dicho sea de paso, comprar libros sigue siendo pr\u00e1cticamente un<br>suntuario, un lujo ajeno a la canasta familiar de las familias trabajadoras. Un pendiente de las pol\u00edticas p\u00fablicas.<br>Las intervenciones de los ilustres presentadores tal vez se extendieron m\u00e1s de la cuenta. Quiz\u00e1s motivados<br>por la gran cantidad de p\u00fablico. De hecho, en el caso del presidente Boric dej\u00f3 varias reflexiones, m\u00e1s bien<br>dirigidas al pa\u00eds que a los pacientes espectadores. Entre las frases m\u00e1s vistosas, sin duda est\u00e1 el reconocimiento<br>de haber incurrido en un error en el dise\u00f1o original \u201cEl m\u00e1s viejo despu\u00e9s de Marcel, era yo\u201d, lo que motiv\u00f3 las<br>risas de la concurrencia, y del presidente mismo. Coment\u00f3 como al corto andar, ese dise\u00f1o mostr\u00f3<br>insuficiencias, dada la necesidad de contar con m\u00e1s gente con experiencia. Otra frase citable es una m\u00e1s<br>destinada a equilibrar las cosas, despu\u00e9s de los elogios a Marcel, Toh\u00e1 y el sector del socialismo democr\u00e1tico.<br>Se\u00f1al\u00f3 que \u00e9l no formaba parte de \u201cCorea del Centro\u201d, para alejarse de quienes proponen soluciones moderadas<br>a los problemas sociales, reivindicando una postura de izquierda radical. Luego matiz\u00f3 esta expresi\u00f3n,<br>refiri\u00e9ndose que en la lucha contra la desigualdad se deb\u00eda tener un compromiso sin matices. Lo que por cierto<br>podr\u00eda decir cualquier simpatizante del progresismo. Su reflexi\u00f3n respecto a la conducci\u00f3n econ\u00f3mica<br>responsable de Marcel, la contrast\u00f3 con decisiones adoptadas por su sector pol\u00edtico, e incluso votaciones de \u00e9l<br>mismo como diputado a prop\u00f3sito de los retiros de fondos. All\u00ed hizo un reconocimiento a la ex senadora Goic,<br>quien en el \u00faltimo retiro vot\u00f3 en contra, asumiendo ataques personales como consecuencia.<br>Al cabo de m\u00e1s de una hora de los presentadores, cuando ya quedaba la duda de qui\u00e9n hab\u00eda escrito el<br>librito. Finalmente le correspondi\u00f3 intervenir a Mario Marcel, un verdadero hombre de Estado. De profesi\u00f3n<br>ingeniero comercial y economista de la Universidad de Chile, es Master en econom\u00eda de la Universidad de<br>Cambridge. Ingres\u00f3 en 1990 a la Direcci\u00f3n de Presupuestos como asesor en finanzas p\u00fablicas y luego subdirector<br>de Racionalizaci\u00f3n y Funci\u00f3n P\u00fablica en 1996. Durante el gobierno del presidente Lagos fue Director de<br>Presupuestos de 2000 a 2006. Durante el gobierno de la presidenta Bachelet, Consejero del Banco Central a<br>partir de 2015 y presidente del instituto emisor a contar de 2016. Cargo que detent\u00f3 hasta el a\u00f1o 2022, pasando<br>del gobierno de la Presidenta Bachelet al del Presidente Pi\u00f1era. Siendo nombrado ministro de Hacienda por el<br>presidente Boric, cargo que sirvi\u00f3 desde marzo de 2022 a agosto de 2025.<br>Mario Marcel, record\u00f3 la noche en que recibi\u00f3 al presidente electo en su casa, hasta donde lleg\u00f3 para<br>invitarlo a formar parte de su gabinete. Se\u00f1ala que, revisando su biblioteca, Boric encontr\u00f3 un libro que trata<br>sobre el gobierno del primer ministro brit\u00e1nico Clement Attlee. Narra la historia del l\u00edder laborista que derrot\u00f3 ni<br>mas ni menos que al primer ministro que gan\u00f3 la Segunda Guerra Mundial, Winston Churchill. Attle gobern\u00f3 el<br>Reino Unido entre 1945 y 1951, y tiene una importancia trascendental por ser quien fund\u00f3 el Estado del<br>bienestar en Inglaterra, y cre\u00f3 el Servicio Nacional de Salud (NHS). Marcel consigna este dato, como referencia<br>considerando el programa del gobierno progresista.<br>El nombre que escogi\u00f3 para el libro, alude a la serie de eventos que impactaron en la econom\u00eda y la sociedad<br>chilena en el per\u00edodo en que estuvo como presidente del Banco Central, y luego como ministro de Hacienda. El<br>estallido social de 2019, la pandemia SARS COVID 2, y el shock de los retiros de fondos de pensiones. La<br>econom\u00eda era como un carro de la monta\u00f1a rusa, que sub\u00eda y bajaba de forma brusca. Marcel narra en primera<br>persona -en forma bastante amena, hay que decirlo, para que se animen a leerlo personas comunes y<br>corrientes-, se incluyen conversaciones sostenidas con el difunto presidente Pi\u00f1era, con el ministro de Hacienda<br>Larra\u00edn y tambi\u00e9n con el ministro Ignacio Briones. El finado Pi\u00f1era, que como todos sabemos, tambi\u00e9n era<br>economista, por su forma de ser gustaba de estar encima de todos los temas, entrando hasta el detalle mismo<br>de los asuntos.<\/p>\n\n\n\n<p class=\"wp-block-paragraph\">Para todos quienes vivimos en carne propia como ciudadanos, como jefes de hogar o como estudiantes, los<br>sucesos de 2019 a 2024, leer el libro de Marcel, muestra lo que pasaba tras bambalinas, lo que se conversaba en<br>la esfera del poder. El trasfondo de las decisiones econ\u00f3micas que se tomaron tanto para responder a las<br>demandas m\u00faltiples del estallido social. Como tambi\u00e9n las complejas decisiones que se adoptaron para<br>responder al riesgo de la pandemia, que se llev\u00f3 a muchos compatriotas.<br>Sin asomo de arrogancia, m\u00e1s bien, mostrando una humildad notable, Mario Marcel no reh\u00faye reconocer lo<br>complejo de las decisiones que se tuvo que adoptar en el Banco Central, instituci\u00f3n aut\u00f3noma responsable de la<br>estabilidad de la econom\u00eda, y el control de la inflaci\u00f3n. Fue fundamental el an\u00e1lisis de las experiencias<br>acumuladas tanto en la crisis de 1982 en Chile, como, asimismo, las respuestas de las instituciones econ\u00f3micas a<br>la crisis sub prime de 2008, que impact\u00f3 en todo el mundo. Sin lugar a dudas el libro es tambi\u00e9n una fuente de<br>estudio, incluye datos referenciados de fuentes p\u00fablicas, por lo que cada evento que se describe cuenta con<br>adecuado respaldo cuantitativo.<br>Sobre la respuesta a la pandemia, los hechos que relata Marcel, reflejan una actuaci\u00f3n muy proactiva del<br>presidente Pi\u00f1era, quien asumi\u00f3 con mucha energ\u00eda la b\u00fasqueda de soluciones que permitieran conseguir las<br>suficientes vacunas para proteger a la poblaci\u00f3n. Gracias a esta decisi\u00f3n pol\u00edtica, el Estado de Chile dispuso de<br>cuantiosos recursos para comprar en verde a los laboratorios que desarrollaban las vacunas. Por eso que nuestro<br>pa\u00eds cont\u00f3 antes que cualquier pa\u00eds latinoamericano con vacunas oportunas y en n\u00famero suficiente. Lo mismo<br>ocurri\u00f3 cuando fue necesario disponer de equipos de ventilaci\u00f3n mec\u00e1nica. M\u00e1s all\u00e1 de las leg\u00edtimas diferencias<br>pol\u00edticas que se pudo tener con el presidente Pi\u00f1era, se le debe reconocer y brindar los honores que<br>corresponde por la decidida acci\u00f3n pol\u00edtica que salv\u00f3 vidas.<br>Conviene en este aspecto, consignar que, dentro de sus m\u00e1s f\u00e9rreos detractores, en la conducci\u00f3n<br>econ\u00f3mica en pandemia, se mantuvieron inflexibles los pol\u00edticos de la ultra derecha chilena. Tambi\u00e9n destacaron<br>en esta oposici\u00f3n implacable, conocidas pol\u00edticas como la se\u00f1ora Giles, quien fue una de las promotoras m\u00e1s<br>activas de mantener en forma permanente los retiros de fondos de pensiones. Marcel narra la forma brutal en<br>que esta pol\u00edtica atac\u00f3 a la senadora Provoste, quien impuls\u00f3 la propuesta de \u201cM\u00ednimos comunes\u201d para construir<br>entre gobierno y oposici\u00f3n una plataforma razonable y concreta. Se entiende ahora, el m\u00f3vil de los sectores<br>pol\u00edticos que, desde la irresponsabilidad y el ataque personal, construyeron una base de apoyo para asaltar el<br>poder. La acci\u00f3n de estos pol\u00edticos, Marcel la denomina el Schock populista, y los nefastos efectos sobre la<br>inflaci\u00f3n, se prolongaron hasta 2024.<br>Los economistas Sebasti\u00e1n Edwards y Stephany Griffith-Jones comentan el libro, y recomiendan su lectura,<br>que como ya se ha dicho no es s\u00f3lo para los entendidos o los intelectuales, sino para todo aquel que se interese<br>por los temas que ata\u00f1en a todos en la esfera p\u00fablica.<br>Se ha destacado la responsabilidad y seriedad con la que Mario Marcel desempe\u00f1\u00f3 los importantes cargos<br>p\u00fablicos que sirvi\u00f3 en Chile, as\u00ed como los cargos ejecutivos que tuvo en el BID, en el Banco Mundial y en la OCDE.<br>Estamos, amigas y amigos, ante un economista de fuste, un verdadero hombre de Estado que ha prestado un<br>servicio invaluable a la patria.<br>Considerando las importantes decisiones que se tomaron en el per\u00edodo del estallido social, durante la<br>pandemia, y luego para enfrentar las consecuencias del shock populista, debemos dar gracias al cielo que quien<br>condujo la billetera fiscal fue Mario Marcel. Tambi\u00e9n hay que pegarse con una piedra en el pecho de que<br>tuvimos de presidente otro economista, un pol\u00edtico de centro derecha que supo tener la flexibilidad para<br>responder a ese desaf\u00edo. Mejor no imaginar c\u00f3mo hubiese sido con otros protagonistas.<br>Ernesto Sep\u00falveda Tornero<\/p>\n","protected":false},"excerpt":{"rendered":"<p>El 18 de agosto reci\u00e9n pasado recibimos en Magallanes la visita del ex ministro de Hacienda Mario Marcel,por la presentaci\u00f3n de su libro \u201cLa monta\u00f1a rusa\u201d. En un auditorio Ernesto&#8230; <a class=\"read-more\" href=\"https:\/\/www.radiopresidenteibanez.cl\/web\/la-montana-rusa-de-mario-marcel\/\">Leer m\u00e1s<\/a><\/p>\n","protected":false},"author":2,"featured_media":68361,"comment_status":"closed","ping_status":"closed","sticky":false,"template":"","format":"standard","meta":{"footnotes":""},"categories":[1],"tags":[],"class_list":["post-68356","post","type-post","status-publish","format-standard","has-post-thumbnail","hentry","category-cronica"],"_links":{"self":[{"href":"https:\/\/www.radiopresidenteibanez.cl\/web\/wp-json\/wp\/v2\/posts\/68356","targetHints":{"allow":["GET"]}}],"collection":[{"href":"https:\/\/www.radiopresidenteibanez.cl\/web\/wp-json\/wp\/v2\/posts"}],"about":[{"href":"https:\/\/www.radiopresidenteibanez.cl\/web\/wp-json\/wp\/v2\/types\/post"}],"author":[{"embeddable":true,"href":"https:\/\/www.radiopresidenteibanez.cl\/web\/wp-json\/wp\/v2\/users\/2"}],"replies":[{"embeddable":true,"href":"https:\/\/www.radiopresidenteibanez.cl\/web\/wp-json\/wp\/v2\/comments?post=68356"}],"version-history":[{"count":1,"href":"https:\/\/www.radiopresidenteibanez.cl\/web\/wp-json\/wp\/v2\/posts\/68356\/revisions"}],"predecessor-version":[{"id":68362,"href":"https:\/\/www.radiopresidenteibanez.cl\/web\/wp-json\/wp\/v2\/posts\/68356\/revisions\/68362"}],"wp:featuredmedia":[{"embeddable":true,"href":"https:\/\/www.radiopresidenteibanez.cl\/web\/wp-json\/wp\/v2\/media\/68361"}],"wp:attachment":[{"href":"https:\/\/www.radiopresidenteibanez.cl\/web\/wp-json\/wp\/v2\/media?parent=68356"}],"wp:term":[{"taxonomy":"category","embeddable":true,"href":"https:\/\/www.radiopresidenteibanez.cl\/web\/wp-json\/wp\/v2\/categories?post=68356"},{"taxonomy":"post_tag","embeddable":true,"href":"https:\/\/www.radiopresidenteibanez.cl\/web\/wp-json\/wp\/v2\/tags?post=68356"}],"curies":[{"name":"wp","href":"https:\/\/api.w.org\/{rel}","templated":true}]}}