{"id":6834,"date":"2019-09-06T15:52:09","date_gmt":"2019-09-06T15:52:09","guid":{"rendered":"http:\/\/www.radiopresidenteibanez.cl\/web\/?p=6834"},"modified":"2019-09-06T15:52:15","modified_gmt":"2019-09-06T15:52:15","slug":"declaracion-publica-colegio-de-periodistas-de-magallanes","status":"publish","type":"post","link":"https:\/\/www.radiopresidenteibanez.cl\/web\/declaracion-publica-colegio-de-periodistas-de-magallanes\/","title":{"rendered":"DECLARACI\u00d3N P\u00daBLICA COLEGIO DE PERIODISTAS DE MAGALLANES"},"content":{"rendered":"\n<p>El Consejo Regional Magallanes del Colegio de Periodistas de Chile lamenta y rechaza las agresiones a la prensa por parte de encapuchados durante la cobertura de una marcha nacional de car\u00e1cter pac\u00edfica convocada por la organizaci\u00f3n Unidad Social el pasado jueves 5 de septiembre.<\/p>\n\n\n\n<p>Solidarizamos con David P\u00e9rez, trabajador del diario El Ping\u00fcino, violentado con gas pimienta en sus ojos, al finalizar un acto cultural, y en momentos en que intent\u00f3 abordar a un grupo de encapuchados en una transmisi\u00f3n en directo.&nbsp;<\/p>\n\n\n\n<p>Creemos que este tipo de agresiones busca intimidar a la prensa y en \u00faltima instancia da\u00f1ar la democracia y a la comunidad que espera informaci\u00f3n oportuna y veraz.&nbsp;<\/p>\n\n\n\n<p>En tiempos en que cualquier persona con un celular en mano puede hacer grabaciones y jugar al \u201cperiodismo\u201d, se hace un deber impostergable de los medios asegurar visibilidad a sus trabajadores, con credenciales, elementos de identificaci\u00f3n y otorgar todos los seguros y coberturas que exige la Ley a quienes cumplen funciones de riesgo en sus labores. &nbsp;&nbsp;<\/p>\n\n\n\n<p>Creemos que las agresiones a la prensa se han transformado en un atentado sistem\u00e1tico y se suman a otras que sufre el gremio como la precarizaci\u00f3n laboral, alta rotaci\u00f3n en medios, ejercicio profesional sin las competencias, falta de pluralismo, ley de prensa anquilosada y un hostigamiento permanente a los periodistas que denuncian la corrupci\u00f3n.&nbsp;<\/p>\n\n\n\n<p>Finalmente, el Consejo Regional Magallanes del Colegio de Periodistas de Chile, cuestiona y rechaza enf\u00e1ticamente cualquier tipo de agresi\u00f3n que reciba alg\u00fan trabajador de la prensa en el ejercicio de sus funciones, y reafirma el derecho a la libertad de expresi\u00f3n y a la defensa de quienes cumplen la labor de informar a la comunidad.<\/p>\n\n\n\n<p><strong>Consejo Regional Magallanes del Colegio de Periodistas de Chile<\/strong><\/p>\n","protected":false},"excerpt":{"rendered":"<p>El Consejo Regional Magallanes del Colegio de Periodistas de Chile lamenta y rechaza las agresiones a la prensa por parte de encapuchados durante la cobertura de una marcha nacional de&#8230; <a class=\"read-more\" href=\"https:\/\/www.radiopresidenteibanez.cl\/web\/declaracion-publica-colegio-de-periodistas-de-magallanes\/\">Leer m\u00e1s<\/a><\/p>\n","protected":false},"author":2,"featured_media":740,"comment_status":"closed","ping_status":"closed","sticky":false,"template":"","format":"standard","meta":{"footnotes":""},"categories":[1],"tags":[],"class_list":["post-6834","post","type-post","status-publish","format-standard","has-post-thumbnail","hentry","category-cronica"],"_links":{"self":[{"href":"https:\/\/www.radiopresidenteibanez.cl\/web\/wp-json\/wp\/v2\/posts\/6834","targetHints":{"allow":["GET"]}}],"collection":[{"href":"https:\/\/www.radiopresidenteibanez.cl\/web\/wp-json\/wp\/v2\/posts"}],"about":[{"href":"https:\/\/www.radiopresidenteibanez.cl\/web\/wp-json\/wp\/v2\/types\/post"}],"author":[{"embeddable":true,"href":"https:\/\/www.radiopresidenteibanez.cl\/web\/wp-json\/wp\/v2\/users\/2"}],"replies":[{"embeddable":true,"href":"https:\/\/www.radiopresidenteibanez.cl\/web\/wp-json\/wp\/v2\/comments?post=6834"}],"version-history":[{"count":0,"href":"https:\/\/www.radiopresidenteibanez.cl\/web\/wp-json\/wp\/v2\/posts\/6834\/revisions"}],"wp:featuredmedia":[{"embeddable":true,"href":"https:\/\/www.radiopresidenteibanez.cl\/web\/wp-json\/wp\/v2\/media\/740"}],"wp:attachment":[{"href":"https:\/\/www.radiopresidenteibanez.cl\/web\/wp-json\/wp\/v2\/media?parent=6834"}],"wp:term":[{"taxonomy":"category","embeddable":true,"href":"https:\/\/www.radiopresidenteibanez.cl\/web\/wp-json\/wp\/v2\/categories?post=6834"},{"taxonomy":"post_tag","embeddable":true,"href":"https:\/\/www.radiopresidenteibanez.cl\/web\/wp-json\/wp\/v2\/tags?post=6834"}],"curies":[{"name":"wp","href":"https:\/\/api.w.org\/{rel}","templated":true}]}}