{"id":6830,"date":"2019-09-06T15:42:57","date_gmt":"2019-09-06T15:42:57","guid":{"rendered":"http:\/\/www.radiopresidenteibanez.cl\/web\/?p=6830"},"modified":"2019-09-06T15:43:03","modified_gmt":"2019-09-06T15:43:03","slug":"vuelve-patagonia-del-ayer-y-hoy-todos-los-sabados-desde-las-14-horas-por-radio-presidente-ibanez","status":"publish","type":"post","link":"https:\/\/www.radiopresidenteibanez.cl\/web\/vuelve-patagonia-del-ayer-y-hoy-todos-los-sabados-desde-las-14-horas-por-radio-presidente-ibanez\/","title":{"rendered":"VUELVE \u201cPATAGONIA DEL AYER Y HOY\u201d TODOS LOS S\u00c1BADOS DESDE LAS 14 HORAS POR RADIO PRESIDENTE IB\u00c1\u00d1EZ"},"content":{"rendered":"\n<p>El historiador magall\u00e1nico Mateo\nMartinich Beros y Marino Mu\u00f1oz Ag\u00fcero, llevar\u00e1n hasta su hogar la reedici\u00f3n del\nprograma \u201cPatagonia del ayer y hoy\u201d, todos los s\u00e1bados a partir de las 14:00\nhoras y con retransmisi\u00f3n los domingos a las 14:00 y 22:00 horas, a trav\u00e9s de\nRadio Presidente Ib\u00e1\u00f1ez, en el dial 88.5 FM para Punta Arenas y Porvenir, canal\n34 de TVRed Digital, <a href=\"http:\/\/www.radiopresidenteibanez.cl\">www.radiopresidenteibanez.cl<\/a>,\nentre otros formatos.<\/p>\n\n\n\n<p>Cabe recordar que este programa comenz\u00f3\nal principio del a\u00f1o 1974 donde en 15 minutos, Mateo Martinich, entregaba\ndetalles hist\u00f3ricos y geogr\u00e1ficos de Magallanes.<\/p>\n","protected":false},"excerpt":{"rendered":"<p>El historiador magall\u00e1nico Mateo Martinich Beros y Marino Mu\u00f1oz Ag\u00fcero, llevar\u00e1n hasta su hogar la reedici\u00f3n del programa \u201cPatagonia del ayer y hoy\u201d, todos los s\u00e1bados a partir de las&#8230; <a class=\"read-more\" href=\"https:\/\/www.radiopresidenteibanez.cl\/web\/vuelve-patagonia-del-ayer-y-hoy-todos-los-sabados-desde-las-14-horas-por-radio-presidente-ibanez\/\">Leer m\u00e1s<\/a><\/p>\n","protected":false},"author":2,"featured_media":6832,"comment_status":"closed","ping_status":"closed","sticky":false,"template":"","format":"standard","meta":{"footnotes":""},"categories":[1],"tags":[],"class_list":["post-6830","post","type-post","status-publish","format-standard","has-post-thumbnail","hentry","category-cronica"],"_links":{"self":[{"href":"https:\/\/www.radiopresidenteibanez.cl\/web\/wp-json\/wp\/v2\/posts\/6830","targetHints":{"allow":["GET"]}}],"collection":[{"href":"https:\/\/www.radiopresidenteibanez.cl\/web\/wp-json\/wp\/v2\/posts"}],"about":[{"href":"https:\/\/www.radiopresidenteibanez.cl\/web\/wp-json\/wp\/v2\/types\/post"}],"author":[{"embeddable":true,"href":"https:\/\/www.radiopresidenteibanez.cl\/web\/wp-json\/wp\/v2\/users\/2"}],"replies":[{"embeddable":true,"href":"https:\/\/www.radiopresidenteibanez.cl\/web\/wp-json\/wp\/v2\/comments?post=6830"}],"version-history":[{"count":0,"href":"https:\/\/www.radiopresidenteibanez.cl\/web\/wp-json\/wp\/v2\/posts\/6830\/revisions"}],"wp:featuredmedia":[{"embeddable":true,"href":"https:\/\/www.radiopresidenteibanez.cl\/web\/wp-json\/wp\/v2\/media\/6832"}],"wp:attachment":[{"href":"https:\/\/www.radiopresidenteibanez.cl\/web\/wp-json\/wp\/v2\/media?parent=6830"}],"wp:term":[{"taxonomy":"category","embeddable":true,"href":"https:\/\/www.radiopresidenteibanez.cl\/web\/wp-json\/wp\/v2\/categories?post=6830"},{"taxonomy":"post_tag","embeddable":true,"href":"https:\/\/www.radiopresidenteibanez.cl\/web\/wp-json\/wp\/v2\/tags?post=6830"}],"curies":[{"name":"wp","href":"https:\/\/api.w.org\/{rel}","templated":true}]}}