{"id":6828,"date":"2019-09-06T15:25:07","date_gmt":"2019-09-06T15:25:07","guid":{"rendered":"http:\/\/www.radiopresidenteibanez.cl\/web\/?p=6828"},"modified":"2019-09-06T15:25:14","modified_gmt":"2019-09-06T15:25:14","slug":"partido-progresista-de-magallanes-se-refiere-a-los-hechos-ocurridos-durante-manifestacion","status":"publish","type":"post","link":"https:\/\/www.radiopresidenteibanez.cl\/web\/partido-progresista-de-magallanes-se-refiere-a-los-hechos-ocurridos-durante-manifestacion\/","title":{"rendered":"PARTIDO PROGRESISTA DE MAGALLANES SE REFIERE A LOS HECHOS OCURRIDOS DURANTE MANIFESTACI\u00d3N"},"content":{"rendered":"\n<p>El Partido Progresista de\nMagallanes, a la Comunidad Magall\u00e1nica, nos manifestamos y condenamos\nen\u00e9rgicamente que, ante la cobarde agresi\u00f3n sufrida por el Presidente Regional\ndel Partido Comunista de Chile, Dalivor Eterovic D\u00edaz, nos vemos en la\nobligaci\u00f3n moral y solidaria, de hacer presente nuestro m\u00e1s profundo rechazo a\ntan deleznable acto, provocado por delincuentes integrantes de grupos minoritarios,\nque solo buscan provocar caos, en el contexto de las leg\u00edtimas manifestaciones\npor reivindicar las justas demandas sociales de la ciudadan\u00eda.<\/p>\n\n\n\n<p>Como Progresistas y Magall\u00e1nicos,\nno toleraremos ning\u00fan tipo de violencia como medio de persuasi\u00f3n ante la raz\u00f3n\nprofunda e hist\u00f3rica de los movimientos Sociales.<\/p>\n\n\n\n<p>Punta Arenas, septiembre 2019<\/p>\n","protected":false},"excerpt":{"rendered":"<p>El Partido Progresista de Magallanes, a la Comunidad Magall\u00e1nica, nos manifestamos y condenamos en\u00e9rgicamente que, ante la cobarde agresi\u00f3n sufrida por el Presidente Regional del Partido Comunista de Chile, Dalivor&#8230; <a class=\"read-more\" href=\"https:\/\/www.radiopresidenteibanez.cl\/web\/partido-progresista-de-magallanes-se-refiere-a-los-hechos-ocurridos-durante-manifestacion\/\">Leer m\u00e1s<\/a><\/p>\n","protected":false},"author":2,"featured_media":740,"comment_status":"closed","ping_status":"closed","sticky":false,"template":"","format":"standard","meta":{"footnotes":""},"categories":[1],"tags":[],"class_list":["post-6828","post","type-post","status-publish","format-standard","has-post-thumbnail","hentry","category-cronica"],"_links":{"self":[{"href":"https:\/\/www.radiopresidenteibanez.cl\/web\/wp-json\/wp\/v2\/posts\/6828","targetHints":{"allow":["GET"]}}],"collection":[{"href":"https:\/\/www.radiopresidenteibanez.cl\/web\/wp-json\/wp\/v2\/posts"}],"about":[{"href":"https:\/\/www.radiopresidenteibanez.cl\/web\/wp-json\/wp\/v2\/types\/post"}],"author":[{"embeddable":true,"href":"https:\/\/www.radiopresidenteibanez.cl\/web\/wp-json\/wp\/v2\/users\/2"}],"replies":[{"embeddable":true,"href":"https:\/\/www.radiopresidenteibanez.cl\/web\/wp-json\/wp\/v2\/comments?post=6828"}],"version-history":[{"count":0,"href":"https:\/\/www.radiopresidenteibanez.cl\/web\/wp-json\/wp\/v2\/posts\/6828\/revisions"}],"wp:featuredmedia":[{"embeddable":true,"href":"https:\/\/www.radiopresidenteibanez.cl\/web\/wp-json\/wp\/v2\/media\/740"}],"wp:attachment":[{"href":"https:\/\/www.radiopresidenteibanez.cl\/web\/wp-json\/wp\/v2\/media?parent=6828"}],"wp:term":[{"taxonomy":"category","embeddable":true,"href":"https:\/\/www.radiopresidenteibanez.cl\/web\/wp-json\/wp\/v2\/categories?post=6828"},{"taxonomy":"post_tag","embeddable":true,"href":"https:\/\/www.radiopresidenteibanez.cl\/web\/wp-json\/wp\/v2\/tags?post=6828"}],"curies":[{"name":"wp","href":"https:\/\/api.w.org\/{rel}","templated":true}]}}