{"id":681,"date":"2019-01-23T12:37:59","date_gmt":"2019-01-23T12:37:59","guid":{"rendered":"http:\/\/www.radiopresidenteibanez.cl\/web\/?p=681"},"modified":"2019-01-23T12:38:06","modified_gmt":"2019-01-23T12:38:06","slug":"sernatur-y-municipio-natalino-refuerzan-trabajo-asociativo-en-las-actividades-de-verano","status":"publish","type":"post","link":"https:\/\/www.radiopresidenteibanez.cl\/web\/sernatur-y-municipio-natalino-refuerzan-trabajo-asociativo-en-las-actividades-de-verano\/","title":{"rendered":"SERNATUR Y MUNICIPIO NATALINO REFUERZAN TRABAJO ASOCIATIVO EN LAS ACTIVIDADES DE VERANO"},"content":{"rendered":"\n<p>En dependencia del municipio, la\nm\u00e1xima autoridad comunal se reuni\u00f3 con la Directora Regional de Sernatur Ximena\nCastro y la Seremi de Econom\u00eda, Fomento y Turismo Natalia Easton, con el fin de\nrecibir los anuncios publicitarios e iniciar un trabajo conjunto con Sernatur\npara fomentar el turismo en la regi\u00f3n.<\/p>\n\n\n\n<p>El apoyo del soporte gr\u00e1fico y\npublicitario es una clara se\u00f1al del trabajo asociativo que se debe tener en\napoyo a la difusi\u00f3n de las actividades recreativas y culturales que se\ndesarrollan en la provincia de \u00daltima Esperanza manifestaron las autoridades.<\/p>\n\n\n\n<p>En la ocasi\u00f3n, el alcalde de la\ncomuna, Fernando Paredes Mansilla, &nbsp;destac\u00f3\nla respuesta del gobierno frente a la petici\u00f3n del municipio y se\u00f1al\u00f3 que con\neste apoyo \u201cla comunidad regional va a tener conocimiento de lo que va a pasar\ndurante este verano aqu\u00ed en Puerto Natales, y tambi\u00e9n en Torres del Paine\u201d,\nagregando que algunos eventos trascienden a nivel internacional, ya que \u201choy en\nd\u00eda hemos tenido muchos llamados de Calafate, Rio Gallegos, 28 de Noviembre y\nR\u00edo Turbio, donde se est\u00e1n interesando, tambi\u00e9n por estas actividades que se\nest\u00e1n realizando\u201d.<\/p>\n\n\n\n<p>En la misma l\u00ednea, el edil mostr\u00f3\nsu \u201cgratitud en nombre del Concejo Municipal, del municipio &nbsp;y la Corporaci\u00f3n Municipal de Cultura, Turismo\ny Patrimonio\u201d a\u00f1adiendo que las \u201centidades de este gobierno est\u00e1n dando un\nespaldarazo a un tremendo trabajo que hemos hecho, pero que finalmente se ha entendido\nque aqu\u00ed hay que tener un trabajo en conjunto y entender que los grandes\nbeneficiados son, precisamente, nuestra propia comunidad\u201d.<\/p>\n\n\n\n<p>Al respecto la Directora Regional\nde Sernatur, Ximena Castro Rojas, &nbsp;&nbsp;indic\u00f3 que esta iniciativa de la Direcci\u00f3n\nRegional nace para \u201cpotenciar el turismo interregional, que los magall\u00e1nicos se\nmuevan, que vayan a las actividades que est\u00e1n sucediendo en ciudades tan\ncercanas como por ejemplo, en Puerto Natales\u201d adjuntando que \u201ccomo Sernatur\nest\u00e1n muy contentos de iniciar este trabajo conjunto que estamos seguros que\nm\u00e1s adelante se va a ir fortaleciendo, que vamos a seguir trabajando y vamos a\nir generando nuevas instancias para potenciar nuestro turismo y la identidad de\nnuestra regi\u00f3n\u201d.<\/p>\n\n\n\n<p>Por su parte, la Seremi de\nEconom\u00eda, Fomento y Turismo, Natalia Easton, sostuvo que \u201ces nuestro deber\ndesde la Seremi de econom\u00eda y junto a Sernatur en apoyar ese trabajo, en seguir\ntrabajando, en que se potencie nuestra provincia como un destino tur\u00edstico\u201d. <\/p>\n\n\n\n<p>Javier Torres, Administrador del\nPueblo Artesanal \u201cEtherh Aike\u201d, agradeci\u00f3 a la Unidad de Turismo de la\nmunicipalidad, por el apoyo a la hora de postular a este beneficio, el cual favorecer\u00e1\nal gremio del turismo y las actividades municipales para la comunidad.<\/p>\n","protected":false},"excerpt":{"rendered":"<p>En dependencia del municipio, la m\u00e1xima autoridad comunal se reuni\u00f3 con la Directora Regional de Sernatur Ximena Castro y la Seremi de Econom\u00eda, Fomento y Turismo Natalia Easton, con el&#8230; <a class=\"read-more\" href=\"https:\/\/www.radiopresidenteibanez.cl\/web\/sernatur-y-municipio-natalino-refuerzan-trabajo-asociativo-en-las-actividades-de-verano\/\">Leer m\u00e1s<\/a><\/p>\n","protected":false},"author":2,"featured_media":682,"comment_status":"closed","ping_status":"closed","sticky":false,"template":"","format":"standard","meta":{"footnotes":""},"categories":[1],"tags":[],"class_list":["post-681","post","type-post","status-publish","format-standard","has-post-thumbnail","hentry","category-cronica"],"_links":{"self":[{"href":"https:\/\/www.radiopresidenteibanez.cl\/web\/wp-json\/wp\/v2\/posts\/681","targetHints":{"allow":["GET"]}}],"collection":[{"href":"https:\/\/www.radiopresidenteibanez.cl\/web\/wp-json\/wp\/v2\/posts"}],"about":[{"href":"https:\/\/www.radiopresidenteibanez.cl\/web\/wp-json\/wp\/v2\/types\/post"}],"author":[{"embeddable":true,"href":"https:\/\/www.radiopresidenteibanez.cl\/web\/wp-json\/wp\/v2\/users\/2"}],"replies":[{"embeddable":true,"href":"https:\/\/www.radiopresidenteibanez.cl\/web\/wp-json\/wp\/v2\/comments?post=681"}],"version-history":[{"count":0,"href":"https:\/\/www.radiopresidenteibanez.cl\/web\/wp-json\/wp\/v2\/posts\/681\/revisions"}],"wp:featuredmedia":[{"embeddable":true,"href":"https:\/\/www.radiopresidenteibanez.cl\/web\/wp-json\/wp\/v2\/media\/682"}],"wp:attachment":[{"href":"https:\/\/www.radiopresidenteibanez.cl\/web\/wp-json\/wp\/v2\/media?parent=681"}],"wp:term":[{"taxonomy":"category","embeddable":true,"href":"https:\/\/www.radiopresidenteibanez.cl\/web\/wp-json\/wp\/v2\/categories?post=681"},{"taxonomy":"post_tag","embeddable":true,"href":"https:\/\/www.radiopresidenteibanez.cl\/web\/wp-json\/wp\/v2\/tags?post=681"}],"curies":[{"name":"wp","href":"https:\/\/api.w.org\/{rel}","templated":true}]}}