{"id":6808,"date":"2019-08-27T21:53:43","date_gmt":"2019-08-27T21:53:43","guid":{"rendered":"http:\/\/www.radiopresidenteibanez.cl\/web\/?p=6808"},"modified":"2019-09-04T21:55:44","modified_gmt":"2019-09-04T21:55:44","slug":"120-dirigentes-sociales-de-magallanes-participan-en-curso-e-learning-herramientas-basicas-para-el-liderazgo-social","status":"publish","type":"post","link":"https:\/\/www.radiopresidenteibanez.cl\/web\/120-dirigentes-sociales-de-magallanes-participan-en-curso-e-learning-herramientas-basicas-para-el-liderazgo-social\/","title":{"rendered":"120 DIRIGENTES SOCIALES DE MAGALLANES PARTICIPAN EN CURSO E-LEARNING \u00abHERRAMIENTAS B\u00c1SICAS PARA EL LIDERAZGO SOCIAL\u00bb"},"content":{"rendered":"\n<p>Conocer y comprender la institucionalidad pol\u00edtica y administrativa del Estado chileno, junto con manejar herramientas de comunicaci\u00f3n efectiva y formulaci\u00f3n de proyectos son parte de los objetivos que tiene el curso e-learning denominado \u00abHerramientas B\u00e1sicas Para El Liderazgo Social\u00bb, en el que participan 120 dirigentes sociales de Magallanes. Este curso, que se ejecutar\u00e1 en la modalidad a distancia durante tres meses, se desarrolla gracias a las gestiones realizadas por el Ministerio Secretar\u00eda General de Gobierno con la Universidad de Chile, que es la casa de estudios que imparte los contenidos de manera gratuita y con profesores de primer nivel. La seremi de Gobierno, Alejandra Mu\u00f1oz, destac\u00f3 que \u201ca trav\u00e9s de este curso buscamos entregar m\u00e1s posibilidades para que la sociedad civil en su conjunto tenga las herramientas necesarias para liderar, organizarse y conseguir los fines que se han propuesto con sus organizaciones sociales\u201d.Adem\u00e1s la vocera del gobierno regional a\u00f1adi\u00f3 que uno de los prop\u00f3sitos de la Segegob es apoyar a los dirigentes entreg\u00e1ndoles informaci\u00f3n, herramientas y conocimiento para que puedan liderar sus organizaciones, traspasando lo que aprendan a sus asociados para que en el futuro puedan tener nuevos l\u00edderes.\u201cEstamos orgullosos y contentos de que nuestros 120 inscritos se hayan motivado a realizar este curso y esperamos que lo desarrollen con \u00e9xito\u201d, se\u00f1al\u00f3 la seremi de Gobierno.\u201cEs una muy buena oportunidad\u201dPara Pamela Ojeda, presidenta de la agrupaci\u00f3n de Pacientes Oncol\u00f3gicos de Magallanes esta es una muy buena oportunidad para crecer como l\u00edder social y tambi\u00e9n como persona.\u201cMe inscrib\u00ed para poder aprender m\u00e1s sobre educaci\u00f3n c\u00edvica, y c\u00f3mo poder fortalecer nuestra organizaci\u00f3n, tratando de aprender a formular de mejor forma nuestros proyectos, y tambi\u00e9n porque considero importante tener m\u00e1s conocimientos sobre c\u00f3mo liderar mejor la organizaci\u00f3n y ocupar las herramientas que existen y que muchas veces desconocemos, este curso nos va a orientar bastante sobre eso\u201d, asegur\u00f3.En tanto, Nicol\u00e1s Soto de \u201cElige Vivir Bien Vive Feliz\u201d, se\u00f1al\u00f3 que \u201ces una buena oportunidad para aprender m\u00e1s sobre liderazgo, ya que muchas veces el dirigente va aprendiendo de lo que hace, pero que tengamos un curso y que adem\u00e1s sea gratuito y que sea una iniciativa desde la seremi de Gobierno es importante para los dirigentes que vamos a poder entregar estos conocimientos a la gente que nos sigue\u201d.Algunos de los temas que abordar\u00e1n en el curso son: Comunicaci\u00f3n efectiva y resoluci\u00f3n de conflictos; Desarrollo de habilidades personales; Liderazgo y trabajo en equipo; Marco normativo de las juntas de vecinos y la participaci\u00f3n ciudadana; Fondos p\u00fablicos y Formulaci\u00f3n de proyectos; Divisi\u00f3n de Organizaciones Sociales e institucionalidad de la participaci\u00f3n ciudadana en Chile, entre otros. <\/p>\n","protected":false},"excerpt":{"rendered":"<p>Conocer y comprender la institucionalidad pol\u00edtica y administrativa del Estado chileno, junto con manejar herramientas de comunicaci\u00f3n efectiva y formulaci\u00f3n de proyectos son parte de los objetivos que tiene el&#8230; <a class=\"read-more\" href=\"https:\/\/www.radiopresidenteibanez.cl\/web\/120-dirigentes-sociales-de-magallanes-participan-en-curso-e-learning-herramientas-basicas-para-el-liderazgo-social\/\">Leer m\u00e1s<\/a><\/p>\n","protected":false},"author":2,"featured_media":6810,"comment_status":"closed","ping_status":"closed","sticky":false,"template":"","format":"standard","meta":{"footnotes":""},"categories":[1],"tags":[],"class_list":["post-6808","post","type-post","status-publish","format-standard","has-post-thumbnail","hentry","category-cronica"],"_links":{"self":[{"href":"https:\/\/www.radiopresidenteibanez.cl\/web\/wp-json\/wp\/v2\/posts\/6808","targetHints":{"allow":["GET"]}}],"collection":[{"href":"https:\/\/www.radiopresidenteibanez.cl\/web\/wp-json\/wp\/v2\/posts"}],"about":[{"href":"https:\/\/www.radiopresidenteibanez.cl\/web\/wp-json\/wp\/v2\/types\/post"}],"author":[{"embeddable":true,"href":"https:\/\/www.radiopresidenteibanez.cl\/web\/wp-json\/wp\/v2\/users\/2"}],"replies":[{"embeddable":true,"href":"https:\/\/www.radiopresidenteibanez.cl\/web\/wp-json\/wp\/v2\/comments?post=6808"}],"version-history":[{"count":0,"href":"https:\/\/www.radiopresidenteibanez.cl\/web\/wp-json\/wp\/v2\/posts\/6808\/revisions"}],"wp:featuredmedia":[{"embeddable":true,"href":"https:\/\/www.radiopresidenteibanez.cl\/web\/wp-json\/wp\/v2\/media\/6810"}],"wp:attachment":[{"href":"https:\/\/www.radiopresidenteibanez.cl\/web\/wp-json\/wp\/v2\/media?parent=6808"}],"wp:term":[{"taxonomy":"category","embeddable":true,"href":"https:\/\/www.radiopresidenteibanez.cl\/web\/wp-json\/wp\/v2\/categories?post=6808"},{"taxonomy":"post_tag","embeddable":true,"href":"https:\/\/www.radiopresidenteibanez.cl\/web\/wp-json\/wp\/v2\/tags?post=6808"}],"curies":[{"name":"wp","href":"https:\/\/api.w.org\/{rel}","templated":true}]}}