{"id":6796,"date":"2019-09-04T15:34:06","date_gmt":"2019-09-04T15:34:06","guid":{"rendered":"http:\/\/www.radiopresidenteibanez.cl\/web\/?p=6796"},"modified":"2019-09-04T15:34:13","modified_gmt":"2019-09-04T15:34:13","slug":"en-la-provincia-ultima-esperanza-dos-destacados-emprendedores-nacionales-entregaron-tips-para-lograr-el-exito-en-sus-negocios","status":"publish","type":"post","link":"https:\/\/www.radiopresidenteibanez.cl\/web\/en-la-provincia-ultima-esperanza-dos-destacados-emprendedores-nacionales-entregaron-tips-para-lograr-el-exito-en-sus-negocios\/","title":{"rendered":"EN LA PROVINCIA \u00daLTIMA ESPERANZA:  DOS DESTACADOS EMPRENDEDORES NACIONALES ENTREGARON TIPS PARA LOGRAR EL \u00c9XITO EN SUS NEGOCIOS"},"content":{"rendered":"\n<p>M\u00e1s de 80 personas\ndisfrutaron y participaron activamente del Serminario \u201cEmprendiendo con Valor\nAgregado\u201d en \u00daltima Esperanza, instancia organizada por Sercotec Magallanes a\ntrav\u00e9s de su programa Formaci\u00f3n Empresarial 2019 y que ten\u00eda como objetivo que emprendedores,\nmicro y peque\u00f1os empresarios presentes aprendieran a identificar el plus de sus\nnegocios y colocar as\u00ed un valor agregado a sus productos y servicios. <\/p>\n\n\n\n<p>\u201cBueno hoy estamos\npresentando un seminario que es Emprendiendo con Valor Agregado. Lo que queremos\ncon esto es c\u00f3mo nos diferenciamos con la competencia, cual es el valor que le\nvamos a dar a nuestro producto, a nuestro servicio para poder aumentar nuestras\nventas, que es lo que queremos como emprendedores, como empresarios. Nosotros\ncomo Sercotec, como Gobierno, no solamente estamos entregando fondos, sino que\ntambi\u00e9n todas las herramientas necesarias para que el d\u00eda de ma\u00f1ana sus\nnegocios sean totalmente exitosos. Ac\u00e1 es un tema de poder dar conocimientos,\nadem\u00e1s de un recurso monetario, que sin duda alguna es un tremendo aporte para\ntodos los micro y peque\u00f1os empresarios de nuestra regi\u00f3n de Magallanes y\nAnt\u00e1rtica Chilena\u201d, manifest\u00f3 Mar\u00eda Soledad Solo de Zald\u00edvar, directora\nregional de Sercotec Magallanes.&nbsp; <\/p>\n\n\n\n<p>Asimismo, Mat\u00edas Leiva,\nfundador de la Insolencia Drag Food y uno de los relatores en este seminario,\nexplic\u00f3 c\u00f3mo ha logr\u00f3 posicionar su negocio en el mercado. \u201cComenc\u00e9 mi\nemprendimiento con solo 6 mil pesos hace 3 a\u00f1os, cuando no ten\u00eda mucha plata.\nTrabajaba en una empresa de transporte, pero no me alcanzaba mucho el sueldo y\ncon esos 6 mil pesos me fui al supermercado a comprar un kilo de de harina,\ncompr\u00e9 dos mil pesos de jam\u00f3n, dos mil de queso y levadura, y me puse a amasar.\nCuando estaba amazando, estaba pensando en lo que ten\u00eda que hacer, que iba a\nsalir a vender a la calle. Al d\u00eda siguiente sal\u00ed con doce panes y al poco\ntiempo ya estaba produciendo sobre 100 sandwich, llegamos a producir sobre 3\nmil s\u00e1ndwich con un equipo tremendo de gente, solo porque logramos llamar la\natenci\u00f3n con una marca, con un modelo de ventas que llam\u00f3 mucho la atenci\u00f3n,\ntuvo mucha cobertura medial y fundamentamente lo que pas\u00f3 en esta historia fue\nponerle empe\u00f1o y ganas a un trabajo que era diario, que era d\u00eda a d\u00eda que hab\u00eda\nque salir a vender a la calle o al centro de Santiago\u201d, coment\u00f3. <\/p>\n\n\n\n<p>Por su parte, el creador\nde Killstore y tambi\u00e9n relator del seminario, Luis Urz\u00faa, explic\u00f3 su\nemprendimiento y c\u00f3mo ha salido adelante frente a los problemas y adversidades.\n\u201cHoy d\u00eda voy a presentar principalmente la experiencia de c\u00f3mo fund\u00e9 la\nempresa, de no tener absolutamente nada, ni un peso, sin contactos, sin nada,\nhasta lo que hemos logrado, que es tener un equipo considerable de\ntrabajadores, una marca que ya se conoce y c\u00f3mo con el valor agregado que uno\nva entregando y la experiencia y centr\u00e1ndose en el cliente, uno logra fidelizar\na la gente y entregar un buen servicio para tirar para arriba un\nemprendimiento, que de eso se trata\u201d, finaliz\u00f3.<\/p>\n\n\n\n<p>Destacar que los presentes al seminario\nrealizado en \u00daltima Esperanza, destacaron las historias de los relatores y\nagradecieron a Sercotec por este tipo de instancias que van en directo beneficio\nde los emprendedores, micro y peque\u00f1os empresarios de la Provincia.<\/p>\n\n\n\n<p>Para m\u00e1s informaci\u00f3n de\nlas actividades que realiza Sercotec Magallanes en la Regi\u00f3n, visita las redes\nsociales \u201cSercotec Magallanes\u201d en Facebook, Instagram y Twitter.<\/p>\n","protected":false},"excerpt":{"rendered":"<p>M\u00e1s de 80 personas disfrutaron y participaron activamente del Serminario \u201cEmprendiendo con Valor Agregado\u201d en \u00daltima Esperanza, instancia organizada por Sercotec Magallanes a trav\u00e9s de su programa Formaci\u00f3n Empresarial 2019&#8230; <a class=\"read-more\" href=\"https:\/\/www.radiopresidenteibanez.cl\/web\/en-la-provincia-ultima-esperanza-dos-destacados-emprendedores-nacionales-entregaron-tips-para-lograr-el-exito-en-sus-negocios\/\">Leer m\u00e1s<\/a><\/p>\n","protected":false},"author":2,"featured_media":6797,"comment_status":"closed","ping_status":"closed","sticky":false,"template":"","format":"standard","meta":{"footnotes":""},"categories":[1],"tags":[],"class_list":["post-6796","post","type-post","status-publish","format-standard","has-post-thumbnail","hentry","category-cronica"],"_links":{"self":[{"href":"https:\/\/www.radiopresidenteibanez.cl\/web\/wp-json\/wp\/v2\/posts\/6796","targetHints":{"allow":["GET"]}}],"collection":[{"href":"https:\/\/www.radiopresidenteibanez.cl\/web\/wp-json\/wp\/v2\/posts"}],"about":[{"href":"https:\/\/www.radiopresidenteibanez.cl\/web\/wp-json\/wp\/v2\/types\/post"}],"author":[{"embeddable":true,"href":"https:\/\/www.radiopresidenteibanez.cl\/web\/wp-json\/wp\/v2\/users\/2"}],"replies":[{"embeddable":true,"href":"https:\/\/www.radiopresidenteibanez.cl\/web\/wp-json\/wp\/v2\/comments?post=6796"}],"version-history":[{"count":0,"href":"https:\/\/www.radiopresidenteibanez.cl\/web\/wp-json\/wp\/v2\/posts\/6796\/revisions"}],"wp:featuredmedia":[{"embeddable":true,"href":"https:\/\/www.radiopresidenteibanez.cl\/web\/wp-json\/wp\/v2\/media\/6797"}],"wp:attachment":[{"href":"https:\/\/www.radiopresidenteibanez.cl\/web\/wp-json\/wp\/v2\/media?parent=6796"}],"wp:term":[{"taxonomy":"category","embeddable":true,"href":"https:\/\/www.radiopresidenteibanez.cl\/web\/wp-json\/wp\/v2\/categories?post=6796"},{"taxonomy":"post_tag","embeddable":true,"href":"https:\/\/www.radiopresidenteibanez.cl\/web\/wp-json\/wp\/v2\/tags?post=6796"}],"curies":[{"name":"wp","href":"https:\/\/api.w.org\/{rel}","templated":true}]}}