{"id":678,"date":"2019-01-23T12:33:49","date_gmt":"2019-01-23T12:33:49","guid":{"rendered":"http:\/\/www.radiopresidenteibanez.cl\/web\/?p=678"},"modified":"2019-01-23T12:34:06","modified_gmt":"2019-01-23T12:34:06","slug":"la-asociacion-chilena-de-municipalidades-inicia-escuela-de-capacitacion-de-verano-en-puerto-natales","status":"publish","type":"post","link":"https:\/\/www.radiopresidenteibanez.cl\/web\/la-asociacion-chilena-de-municipalidades-inicia-escuela-de-capacitacion-de-verano-en-puerto-natales\/","title":{"rendered":"LA ASOCIACI\u00d3N CHILENA DE MUNICIPALIDADES INICIA ESCUELA DE CAPACITACI\u00d3N DE VERANO EN PUERTO NATALES"},"content":{"rendered":"\n<p>La Asociaci\u00f3n Chilena de\nMunicipalidades dio inicio en Puerto Natales uno de los seis ciclos de capacitaciones\nde verano que desarrollar\u00e1n a lo largo de Chile. El programa \u201cFomento\nProductivo y Turismo como Ejes del Desarrollo Local\u201d, fue inaugurado por el vicepresidente\nde la asociaci\u00f3n y &nbsp;alcalde de la comuna,\nFernando Paredes Mansilla, la que cont\u00f3 adem\u00e1s con la presencia de la m\u00e1xima\nautoridad provincial la gobernadora &nbsp;Ana\nMayorga y el actual presidente de la comisi\u00f3n de turismo de la asociaci\u00f3n y\nalcalde de Conc\u00f3n Oscar Sumonte.<\/p>\n\n\n\n<p>Esta actividad tiene como\nobjetivo&nbsp; mostrar a todos los integrantes\ndel curso la experiencia del desarrollo local y la forma en que el municipio es\ngestor del fomento productivo. Adem\u00e1s de c\u00f3mo generar&nbsp; un plan de desarrollo tur\u00edstico, las\nalternativas de financiamiento y la necesidad de crear un Ministerio de\nTurismo.<\/p>\n\n\n\n<p>Fernando Paredes se\u00f1al\u00f3 que,\n\u201centendiendo que en la misma medida que un concejal o una concejala est\u00e9\ncapacitado, un alcalde o una alcaldesa, claramente eso tiene que significar\ntambi\u00e9n un beneficio directo en cada uno de los territorios cuando se aplican\nproyectos, iniciativas en beneficio de los habitantes de cada uno de los\nterritorios y yo creo que ah\u00ed est\u00e1 el principal enfoque de esta asociaci\u00f3n\u201d\nagregando que es importante generar un plan tur\u00edstico &nbsp;conjunto con las municipalidades vecinas,\nindicando que \u201ccuando dos municipios son capaces de asociarse, se pueden\nconstruir tambi\u00e9n instrumentos de planificaci\u00f3n\u201d. <\/p>\n\n\n\n<p>En la oportunidad la gobernadora\nAna Mayorga entreg\u00f3 un saludo a los ediles y funcionarios que han llegado a la\nciudad desde diversas comunas del pa\u00eds, indicando que su experiencia por 12\na\u00f1os como concejala de la comuna de Natales pudo aprender e instruirse de\nmuchos temas que entregan estas escuelas de verano, aprovech\u00f3 la instancia de\nagradecer y felicitar a la Asociaci\u00f3n y al municipio por generar una importante\nconvocatoria en Puerto Natales.<\/p>\n\n\n\n<p>Por su parte, el edil de Conc\u00f3n, &nbsp;destac\u00f3 que \u201cel turismo es fundamental en este\n\u00e1mbito de juntar voluntades, conocer experiencias y creo que esta escuela tiene\nese sentido, donde los que hoy d\u00eda est\u00e1n aqu\u00ed presentes tienen la oportunidad\nde conocer experiencias nuevas\u201d, a\u00f1adiendo que \u201clos alcaldes y concejales que\nprincipalmente hoy d\u00eda nos acompa\u00f1an, se lleven estos mensajes, se lleven esta\nexperiencia que ha entregado muy bien&nbsp; el\nAlcalde de Puerto Natales en sus dos exposiciones\u201d.<\/p>\n\n\n\n<p>Los participantes destacaron que\ngracias a las experiencias de otras comunas se van instruyendo en las\ntem\u00e1ticas, logrando as\u00ed poder instaurar en sus comunas planes similares para el\nbeneficio de su localidad. <\/p>\n\n\n\n<p>Las capacitaciones se\ndesarrollar\u00e1n en Arica, Santiago, Vi\u00f1a del Mar, Ancud, Puerto Natales y Puerto\nVaras, comenzando hoy y culminando el viernes 25 de enero, ayudando a cientos\nde administradores p\u00fablicos.<\/p>\n","protected":false},"excerpt":{"rendered":"<p>La Asociaci\u00f3n Chilena de Municipalidades dio inicio en Puerto Natales uno de los seis ciclos de capacitaciones de verano que desarrollar\u00e1n a lo largo de Chile. El programa \u201cFomento Productivo&#8230; <a class=\"read-more\" href=\"https:\/\/www.radiopresidenteibanez.cl\/web\/la-asociacion-chilena-de-municipalidades-inicia-escuela-de-capacitacion-de-verano-en-puerto-natales\/\">Leer m\u00e1s<\/a><\/p>\n","protected":false},"author":2,"featured_media":679,"comment_status":"closed","ping_status":"closed","sticky":false,"template":"","format":"standard","meta":{"footnotes":""},"categories":[1],"tags":[],"class_list":["post-678","post","type-post","status-publish","format-standard","has-post-thumbnail","hentry","category-cronica"],"_links":{"self":[{"href":"https:\/\/www.radiopresidenteibanez.cl\/web\/wp-json\/wp\/v2\/posts\/678","targetHints":{"allow":["GET"]}}],"collection":[{"href":"https:\/\/www.radiopresidenteibanez.cl\/web\/wp-json\/wp\/v2\/posts"}],"about":[{"href":"https:\/\/www.radiopresidenteibanez.cl\/web\/wp-json\/wp\/v2\/types\/post"}],"author":[{"embeddable":true,"href":"https:\/\/www.radiopresidenteibanez.cl\/web\/wp-json\/wp\/v2\/users\/2"}],"replies":[{"embeddable":true,"href":"https:\/\/www.radiopresidenteibanez.cl\/web\/wp-json\/wp\/v2\/comments?post=678"}],"version-history":[{"count":0,"href":"https:\/\/www.radiopresidenteibanez.cl\/web\/wp-json\/wp\/v2\/posts\/678\/revisions"}],"wp:featuredmedia":[{"embeddable":true,"href":"https:\/\/www.radiopresidenteibanez.cl\/web\/wp-json\/wp\/v2\/media\/679"}],"wp:attachment":[{"href":"https:\/\/www.radiopresidenteibanez.cl\/web\/wp-json\/wp\/v2\/media?parent=678"}],"wp:term":[{"taxonomy":"category","embeddable":true,"href":"https:\/\/www.radiopresidenteibanez.cl\/web\/wp-json\/wp\/v2\/categories?post=678"},{"taxonomy":"post_tag","embeddable":true,"href":"https:\/\/www.radiopresidenteibanez.cl\/web\/wp-json\/wp\/v2\/tags?post=678"}],"curies":[{"name":"wp","href":"https:\/\/api.w.org\/{rel}","templated":true}]}}