{"id":6774,"date":"2019-09-03T20:15:49","date_gmt":"2019-09-03T20:15:49","guid":{"rendered":"http:\/\/www.radiopresidenteibanez.cl\/web\/?p=6774"},"modified":"2019-09-03T20:15:55","modified_gmt":"2019-09-03T20:15:55","slug":"comunicado-consejos-de-desarrollo-salud-municipalizada","status":"publish","type":"post","link":"https:\/\/www.radiopresidenteibanez.cl\/web\/comunicado-consejos-de-desarrollo-salud-municipalizada\/","title":{"rendered":"COMUNICADO CONSEJOS DE DESARROLLO SALUD MUNICIPALIZADA"},"content":{"rendered":"\n<p>Hoy nos reunimos con la\ncomisi\u00f3n salud del consejo municipal, liderado por don Arturo D\u00edaz, junto a los\nconcejalas Panicucchi, Aguilar y Soler, invitada la se\u00f1ora Rosa Bidart jefa del\n\u00e1rea salud CORMUPA; esto debido a una serie de situaciones que apuntan a una\ncuestionada gesti\u00f3n administrativa que afecta a funcionarios y por ende, a\nusuarios.&nbsp; Esto principalmente en el\n\u00e1mbito de salud mental y la readecuaci\u00f3n horaria y cambio de profesionales ,\ndebido a que el concurso de cargos integr\u00f3 un psic\u00f3logo por 44 hrs. Planteamos\nla necesidad de mejorar la gesti\u00f3n administrativa donde prime el respeto y\nprocedimientos adecuados tanto para funcionarios como&nbsp; usuarios; que se trabaje desde las\nnecesidades de la poblaci\u00f3n debido a que la rotaci\u00f3n de personal afecta directamente\nlas atenciones;&nbsp; situaciones que afectan\na los cecosf Sandra&nbsp; Vargas y Fenton; y\nen otros \u00e1mbitos a cesfam Damianovic e Ib\u00e1\u00f1ez. Abogamos a la estabilidad laboral\nde quienes se vinculan y ejecutan su labor en equipo y cercanos a la comunidad.<\/p>\n\n\n\n<p>Por otro lado, como usuarios\ntenemos el derecho y deber de denunciar situaciones que no cumplan con lo\npropuesto como salud familiar como tambi\u00e9n relevar aquellas buenas pr\u00e1cticas\nque mejoran la calidad de atenci\u00f3n, sin temor a represalias o malas atenciones.&nbsp; La pol\u00edtica p\u00fablica hoy nos hace\ninvolucrarnos activamente en los procesos para mejorar la calidad de vida y\natenci\u00f3n en salud familiar que es el objetivo de la salud primaria.&nbsp;&nbsp; Como consejos de desarrollo abogamos a una\nmejor calidad de atenci\u00f3n y ello implica tambi\u00e9n el aporte en recursos a trav\u00e9s\nde proyectos en los distintos establecimientos de la comuna; por esto es que\ntambi\u00e9n consideramos que para optimizar los recursos humanos, econ\u00f3micos es\nnecesario trabajar en conjunto con mirada a futuro para ir instalando programas\ny buenas pr\u00e1cticas que se cumplan y beneficien a la comunidad. <\/p>\n\n\n\n<p>En lo venidero, nos hemos\ncomprometido a revisar colaborativamente las acciones que se est\u00e1n realizando\nen la salud primaria para avanzar y evaluar el impacto real que se provoca en\nla atenci\u00f3n de los usuarios.<\/p>\n\n\n\n<p>TATIANA LEUQUEN ALVAREZ&nbsp;&nbsp;&nbsp;&nbsp;&nbsp;&nbsp;&nbsp;&nbsp;&nbsp;&nbsp;&nbsp;&nbsp;&nbsp;&nbsp;&nbsp;&nbsp;&nbsp;&nbsp;&nbsp;&nbsp;&nbsp;&nbsp;&nbsp;&nbsp; JORGE GALLARDO MACHADO<\/p>\n\n\n\n<p>&nbsp;&nbsp;&nbsp;&nbsp;&nbsp;&nbsp;&nbsp;&nbsp;&nbsp;&nbsp;&nbsp;&nbsp;&nbsp;&nbsp;&nbsp; CONSEJO THOMAS FENTON&nbsp;&nbsp;&nbsp;&nbsp;&nbsp;&nbsp;&nbsp;&nbsp; &nbsp;&nbsp;&nbsp;&nbsp;&nbsp;&nbsp;&nbsp;&nbsp;&nbsp;&nbsp;&nbsp;&nbsp;&nbsp;&nbsp;&nbsp;&nbsp;&nbsp;&nbsp;&nbsp;&nbsp;&nbsp;&nbsp;&nbsp;&nbsp;CONSEJO CARLOS IBA\u00d1EZ<\/p>\n\n\n\n<p>ERVIRA COYOPAE<\/p>\n\n\n\n<p>CESFAM MATEO BENCUR<\/p>\n\n\n\n<p>MARIA ANGELICA VIDAL&nbsp;&nbsp;&nbsp;&nbsp;&nbsp;&nbsp;&nbsp;&nbsp;&nbsp;&nbsp;&nbsp;&nbsp;&nbsp;&nbsp;&nbsp;&nbsp;&nbsp;&nbsp;&nbsp;&nbsp;&nbsp;&nbsp;&nbsp;&nbsp;&nbsp;&nbsp;&nbsp;&nbsp;&nbsp;&nbsp;&nbsp;&nbsp;&nbsp; ADELA CARCAMO\nOYARZO<\/p>\n\n\n\n<p>CONSEJO CARLOS IBA\u00d1EZ&nbsp;&nbsp;&nbsp;&nbsp;&nbsp;&nbsp;&nbsp;&nbsp;&nbsp;&nbsp;&nbsp;&nbsp;&nbsp;&nbsp;&nbsp;&nbsp;&nbsp;&nbsp;&nbsp;&nbsp;&nbsp;&nbsp;&nbsp;&nbsp;&nbsp;&nbsp;&nbsp;&nbsp;&nbsp;&nbsp;&nbsp;&nbsp;&nbsp; CONSEJO JUAN\nDAMIANOVIC<\/p>\n","protected":false},"excerpt":{"rendered":"<p>Hoy nos reunimos con la comisi\u00f3n salud del consejo municipal, liderado por don Arturo D\u00edaz, junto a los concejalas Panicucchi, Aguilar y Soler, invitada la se\u00f1ora Rosa Bidart jefa del&#8230; <a class=\"read-more\" href=\"https:\/\/www.radiopresidenteibanez.cl\/web\/comunicado-consejos-de-desarrollo-salud-municipalizada\/\">Leer m\u00e1s<\/a><\/p>\n","protected":false},"author":2,"featured_media":740,"comment_status":"closed","ping_status":"closed","sticky":false,"template":"","format":"standard","meta":{"footnotes":""},"categories":[1],"tags":[],"class_list":["post-6774","post","type-post","status-publish","format-standard","has-post-thumbnail","hentry","category-cronica"],"_links":{"self":[{"href":"https:\/\/www.radiopresidenteibanez.cl\/web\/wp-json\/wp\/v2\/posts\/6774","targetHints":{"allow":["GET"]}}],"collection":[{"href":"https:\/\/www.radiopresidenteibanez.cl\/web\/wp-json\/wp\/v2\/posts"}],"about":[{"href":"https:\/\/www.radiopresidenteibanez.cl\/web\/wp-json\/wp\/v2\/types\/post"}],"author":[{"embeddable":true,"href":"https:\/\/www.radiopresidenteibanez.cl\/web\/wp-json\/wp\/v2\/users\/2"}],"replies":[{"embeddable":true,"href":"https:\/\/www.radiopresidenteibanez.cl\/web\/wp-json\/wp\/v2\/comments?post=6774"}],"version-history":[{"count":0,"href":"https:\/\/www.radiopresidenteibanez.cl\/web\/wp-json\/wp\/v2\/posts\/6774\/revisions"}],"wp:featuredmedia":[{"embeddable":true,"href":"https:\/\/www.radiopresidenteibanez.cl\/web\/wp-json\/wp\/v2\/media\/740"}],"wp:attachment":[{"href":"https:\/\/www.radiopresidenteibanez.cl\/web\/wp-json\/wp\/v2\/media?parent=6774"}],"wp:term":[{"taxonomy":"category","embeddable":true,"href":"https:\/\/www.radiopresidenteibanez.cl\/web\/wp-json\/wp\/v2\/categories?post=6774"},{"taxonomy":"post_tag","embeddable":true,"href":"https:\/\/www.radiopresidenteibanez.cl\/web\/wp-json\/wp\/v2\/tags?post=6774"}],"curies":[{"name":"wp","href":"https:\/\/api.w.org\/{rel}","templated":true}]}}