{"id":6771,"date":"2019-09-03T20:13:03","date_gmt":"2019-09-03T20:13:03","guid":{"rendered":"http:\/\/www.radiopresidenteibanez.cl\/web\/?p=6771"},"modified":"2019-09-03T20:13:09","modified_gmt":"2019-09-03T20:13:09","slug":"concejales-panicucci-y-flores-expresan-su-preocupacion-por-futuras-construcciones-de-departamentos","status":"publish","type":"post","link":"https:\/\/www.radiopresidenteibanez.cl\/web\/concejales-panicucci-y-flores-expresan-su-preocupacion-por-futuras-construcciones-de-departamentos\/","title":{"rendered":"CONCEJALES PANICUCCI Y FLORES EXPRESAN SU PREOCUPACI\u00d3N POR FUTURAS CONSTRUCCIONES DE DEPARTAMENTOS"},"content":{"rendered":"\n<p>Desde hace m\u00e1s de cinco meses la concejala Daniela Panicucci\ny el concejal Germ\u00e1n Flores han desarrollado un trabajo en conjunto con los\nvecinos de los departamentos de San Ignacio, ubicados en prolongaci\u00f3n Ignacio\nCarrera Pinto, cuyas construcciones han presentado diferentes fallas que han\nsido denunciadas en forma constantes.<\/p>\n\n\n\n<p>Por tal motivo ambos concejales manifestaron su preocupaci\u00f3n\npor las futuras construcciones que se realizar\u00e1n en la prolongaci\u00f3n Ignacio\nCarrera Pinto, en donde durante este tiempo se efect\u00faan obras de movimiento de\ntierra que dar\u00e1n paso a la construcci\u00f3n de departamentos.<\/p>\n\n\n\n<p>\u201cNo estamos en absoluto en contra del desarrollo de\nsoluciones habitacionales que permitan dar satisfacci\u00f3n a vecinos y vecinas que\npor a\u00f1o han venido luchando por el sue\u00f1o de tener su casa propia, pero si nos\npreocupa que sus viviendas o departamentos sean de calidad y no presenten\nfallas en formas constates como las que hemos conocido en los \u00faltimos meses,\nellos merecen una obra digna\u201d, expres\u00f3 la concejala Daniela Panicucci.<\/p>\n\n\n\n<p>En tanto el concejal Germ\u00e1n Flores manifest\u00f3 que no puede\nser que en algunos casos las reparaciones en los departamentos se han tenido\nque repetir una y otra vez, \u201cobviamente esto no es normal, por eso queremos\nsaber si realmente los terrenos en los cuales se han levantado estos edificios\ny los que vendr\u00e1n en el futuro, son terrenos cien por ciento aptos para estas\nconstrucciones, de ah\u00ed que haremos las consultas t\u00e9cnicas tanto a la Direcci\u00f3n\nde Obras Municipales y al Serviu para saber qui\u00e9n &nbsp;qui\u00e9nes son los responsable de dar la\nautorizaci\u00f3n para iniciar una obra de estas caracter\u00edstica\u201d, agreg\u00f3.<\/p>\n\n\n\n<p>Ambos destacaron que gracias a las gestiones que han hecho\ndurante este tiempo, hoy los problemas de estos vecinos y vecinas han sido\nvisualizados ente la comunidad y autoridades, agregando que ellos han sido\ngestores de las reuniones en las cuales han asistido funcionarios del SERVIU,\nde la inmobiliaria, entre otros actores, acciones que han permitido que los\nafectados hayan sido escuchados en forma directa.<\/p>\n","protected":false},"excerpt":{"rendered":"<p>Desde hace m\u00e1s de cinco meses la concejala Daniela Panicucci y el concejal Germ\u00e1n Flores han desarrollado un trabajo en conjunto con los vecinos de los departamentos de San Ignacio,&#8230; <a class=\"read-more\" href=\"https:\/\/www.radiopresidenteibanez.cl\/web\/concejales-panicucci-y-flores-expresan-su-preocupacion-por-futuras-construcciones-de-departamentos\/\">Leer m\u00e1s<\/a><\/p>\n","protected":false},"author":2,"featured_media":6772,"comment_status":"closed","ping_status":"closed","sticky":false,"template":"","format":"standard","meta":{"footnotes":""},"categories":[1],"tags":[],"class_list":["post-6771","post","type-post","status-publish","format-standard","has-post-thumbnail","hentry","category-cronica"],"_links":{"self":[{"href":"https:\/\/www.radiopresidenteibanez.cl\/web\/wp-json\/wp\/v2\/posts\/6771","targetHints":{"allow":["GET"]}}],"collection":[{"href":"https:\/\/www.radiopresidenteibanez.cl\/web\/wp-json\/wp\/v2\/posts"}],"about":[{"href":"https:\/\/www.radiopresidenteibanez.cl\/web\/wp-json\/wp\/v2\/types\/post"}],"author":[{"embeddable":true,"href":"https:\/\/www.radiopresidenteibanez.cl\/web\/wp-json\/wp\/v2\/users\/2"}],"replies":[{"embeddable":true,"href":"https:\/\/www.radiopresidenteibanez.cl\/web\/wp-json\/wp\/v2\/comments?post=6771"}],"version-history":[{"count":0,"href":"https:\/\/www.radiopresidenteibanez.cl\/web\/wp-json\/wp\/v2\/posts\/6771\/revisions"}],"wp:featuredmedia":[{"embeddable":true,"href":"https:\/\/www.radiopresidenteibanez.cl\/web\/wp-json\/wp\/v2\/media\/6772"}],"wp:attachment":[{"href":"https:\/\/www.radiopresidenteibanez.cl\/web\/wp-json\/wp\/v2\/media?parent=6771"}],"wp:term":[{"taxonomy":"category","embeddable":true,"href":"https:\/\/www.radiopresidenteibanez.cl\/web\/wp-json\/wp\/v2\/categories?post=6771"},{"taxonomy":"post_tag","embeddable":true,"href":"https:\/\/www.radiopresidenteibanez.cl\/web\/wp-json\/wp\/v2\/tags?post=6771"}],"curies":[{"name":"wp","href":"https:\/\/api.w.org\/{rel}","templated":true}]}}