{"id":6767,"date":"2019-09-03T15:16:21","date_gmt":"2019-09-03T15:16:21","guid":{"rendered":"http:\/\/www.radiopresidenteibanez.cl\/web\/?p=6767"},"modified":"2019-09-03T15:16:27","modified_gmt":"2019-09-03T15:16:27","slug":"jovenes-de-punta-arenas-participaron-en-primer-encuentro-de-lideres-estudiantiles","status":"publish","type":"post","link":"https:\/\/www.radiopresidenteibanez.cl\/web\/jovenes-de-punta-arenas-participaron-en-primer-encuentro-de-lideres-estudiantiles\/","title":{"rendered":"J\u00d3VENES DE PUNTA ARENAS PARTICIPARON EN PRIMER ENCUENTRO DE L\u00cdDERES ESTUDIANTILES"},"content":{"rendered":"\n<p>23 j\u00f3venes de distintos establecimientos educacionales de\nPunta Arenas, participaron del primer Encuentro de L\u00edderes Estudiantiles,\norganizado desde la Unidad de Infancia y Juventud de la Municipalidad de Punta\nArenas, dependiente de la Direcci\u00f3n de Desarrollo Comunitario.<\/p>\n\n\n\n<p>El encuentro ten\u00eda por objetivo generar instancias que\npermitan la convivencia y el di\u00e1logo, para as\u00ed fortalecer los liderazgos\njuveniles. \u201cEllos son los l\u00edderes sociales que vienen y nuestra pega como\nMunicipalidad es poder darle las herramientas necesarias, todas las habilidades\npara que puedan buscar sus potencialidades en favor de todos\u201d, afirm\u00f3 el\nalcalde de Punta Arenas, Claudio Radonich, quien visit\u00f3 a los j\u00f3venes\nparticipantes.<\/p>\n\n\n\n<p>La actividad estaba destinada a los presidentes de los\nCentros de Estudiantes de la comuna, y se convoc\u00f3 a todos los establecimientos\nde Punta Arenas.<\/p>\n\n\n\n<p>\u201cMe parece una s\u00faper buena iniciativa, porque normalmente no\nse dan estas oportunidades, m\u00e1s si son en horario de clases, porque tras\nbambalinas, tambi\u00e9n hemos intentado nosotros juntarnos, pero como cada colegio\ntiene sus actividades, no se puede. Entonces, esto es s\u00faper llamativo, porque\npodemos hacer este trabajo juntos y sacar muchas cosas en claro, porque hay\nmuchas cosas que hacer y estando juntos, podemos hacer m\u00e1s fuerza\u201d, afirm\u00f3 More\nVera, presidenta del Centro de Alumnos del Colegio Alem\u00e1n. <\/p>\n\n\n\n<p>Por su parte, Vicente Strauch, presidente del Centro de\nAlumnos del Colegio Miguel de Cervantes, explic\u00f3 que \u201cUno aprende bastante de\nlos otros centros de alumnos, porque nosotros no tenemos los mismos enfoques\nque los otros colegios. Lo \u00fanico que s\u00ed falta es la motivaci\u00f3n de otros centros\nde alumnos, porque me dijeron que fueron invitados todos, pero hay varios que\nfaltan ac\u00e1\u201d.<\/p>\n\n\n\n<p>Del encuentro participaron representantes de 16\nestablecimientos educacionales de Punta Arenas.<\/p>\n","protected":false},"excerpt":{"rendered":"<p>23 j\u00f3venes de distintos establecimientos educacionales de Punta Arenas, participaron del primer Encuentro de L\u00edderes Estudiantiles, organizado desde la Unidad de Infancia y Juventud de la Municipalidad de Punta Arenas,&#8230; <a class=\"read-more\" href=\"https:\/\/www.radiopresidenteibanez.cl\/web\/jovenes-de-punta-arenas-participaron-en-primer-encuentro-de-lideres-estudiantiles\/\">Leer m\u00e1s<\/a><\/p>\n","protected":false},"author":2,"featured_media":6768,"comment_status":"closed","ping_status":"closed","sticky":false,"template":"","format":"standard","meta":{"footnotes":""},"categories":[1],"tags":[],"class_list":["post-6767","post","type-post","status-publish","format-standard","has-post-thumbnail","hentry","category-cronica"],"_links":{"self":[{"href":"https:\/\/www.radiopresidenteibanez.cl\/web\/wp-json\/wp\/v2\/posts\/6767","targetHints":{"allow":["GET"]}}],"collection":[{"href":"https:\/\/www.radiopresidenteibanez.cl\/web\/wp-json\/wp\/v2\/posts"}],"about":[{"href":"https:\/\/www.radiopresidenteibanez.cl\/web\/wp-json\/wp\/v2\/types\/post"}],"author":[{"embeddable":true,"href":"https:\/\/www.radiopresidenteibanez.cl\/web\/wp-json\/wp\/v2\/users\/2"}],"replies":[{"embeddable":true,"href":"https:\/\/www.radiopresidenteibanez.cl\/web\/wp-json\/wp\/v2\/comments?post=6767"}],"version-history":[{"count":0,"href":"https:\/\/www.radiopresidenteibanez.cl\/web\/wp-json\/wp\/v2\/posts\/6767\/revisions"}],"wp:featuredmedia":[{"embeddable":true,"href":"https:\/\/www.radiopresidenteibanez.cl\/web\/wp-json\/wp\/v2\/media\/6768"}],"wp:attachment":[{"href":"https:\/\/www.radiopresidenteibanez.cl\/web\/wp-json\/wp\/v2\/media?parent=6767"}],"wp:term":[{"taxonomy":"category","embeddable":true,"href":"https:\/\/www.radiopresidenteibanez.cl\/web\/wp-json\/wp\/v2\/categories?post=6767"},{"taxonomy":"post_tag","embeddable":true,"href":"https:\/\/www.radiopresidenteibanez.cl\/web\/wp-json\/wp\/v2\/tags?post=6767"}],"curies":[{"name":"wp","href":"https:\/\/api.w.org\/{rel}","templated":true}]}}