{"id":6764,"date":"2019-09-03T15:11:56","date_gmt":"2019-09-03T15:11:56","guid":{"rendered":"http:\/\/www.radiopresidenteibanez.cl\/web\/?p=6764"},"modified":"2019-09-03T15:12:02","modified_gmt":"2019-09-03T15:12:02","slug":"en-sesion-plenaria-efectuada-en-laguna-blanca-core-constato-avances-y-desafios-comunales","status":"publish","type":"post","link":"https:\/\/www.radiopresidenteibanez.cl\/web\/en-sesion-plenaria-efectuada-en-laguna-blanca-core-constato-avances-y-desafios-comunales\/","title":{"rendered":"EN SESI\u00d3N PLENARIA EFECTUADA EN LAGUNA BLANCA CORE CONSTAT\u00d3 AVANCES Y DESAF\u00cdOS COMUNALES"},"content":{"rendered":"\n<p>Como\nuna manera de descentralizar su quehacer y estar presente en todo el territorio\nel CORE se re\u00fane al menos una vez al a\u00f1o en cada comuna y este lunes correspondi\u00f3\nla Sesi\u00f3n Plenaria N\u00b023 en Laguna Blanca.<\/p>\n\n\n\n<p>Durante\nla ma\u00f1ana concluido el trabajo de las comisiones, los Consejeros junto al\nalcalde, Ricardo Ritter, visitaron las instalaciones del museo &#8211; biblioteca, la\nposta de atenci\u00f3n primaria y el cuartel de Bomberos, constando en terreno el beneficio\ndirecto que ha significado para los vecinos la adquisici\u00f3n de nuevo equipamiento,\nambulancias y carro de Bomberos financiados a trav\u00e9s de fondos regionales.&nbsp; <\/p>\n\n\n\n<p>M\u00e1s\ntarde en el pleno, el alcalde Ritter, plante\u00f3 su preocupaci\u00f3n por el descenso\nen el n\u00famero de habitantes de la comuna seg\u00fan el \u00faltimo censo debido a la\nmigraci\u00f3n hacia los centros urbanos en busca de mejores oportunidades&nbsp; \u201cesto ocurre tambi\u00e9n en el resto del pa\u00eds y\ndebemos tomarlo en serio estableciendo pol\u00edticas de Estado que permitan el\narraigo de las personas\u201d, detall\u00f3. &nbsp;Asimismo se refiri\u00f3 a la importancia de\nconcretar dos anhelados proyectos, el trasvase del R\u00edo Penitente hacia Laguna\nBlanca que permitir\u00eda proyectar energ\u00eda limpia y mejorar las condiciones para\nel desarrollo de la ganader\u00eda y agricultura y el Centro Tur\u00edstico Cerro La\nVirgen que \u201cofrece posibilidades extraordinarias y no podemos dejar pasar la oportunidad\nde romper la estacionalidad tur\u00edstica en Magallanes\u201d, coment\u00f3. <\/p>\n\n\n\n<p>Por su\nparte el presidente del CORE, Tolentino Soto, junto con felicitar a la primera\nautoridad comunal por su completa exposici\u00f3n manifest\u00f3 \u201ctras conocer la\nrealidad comunal reiteramos la necesidad de actualizar la Estrategia Regional de\nDesarrollo a fin de fomentar de manera arm\u00f3nica actividades que hist\u00f3ricamente nos\nhan fortalecido como el turismo, la pesca, la agricultura y la miner\u00eda y hoy se\nven cuestionadas y frenadas. Urge dise\u00f1ar la carta de navegaci\u00f3n y canalizar la\ninversi\u00f3n p\u00fablica visualizando lo que potenciaremos en la regi\u00f3n\u201d, detall\u00f3.<\/p>\n\n\n\n<p>En materia\nde proyectos el Consejo Regional sancion\u00f3 favorablemente la petici\u00f3n de concesi\u00f3n de uso gratuito por un per\u00edodo\nde cinco a\u00f1os de un terreno fiscal de 46,9 hect\u00e1reas ubicado en Isla\nContramaestre presentado\npor la Fundaci\u00f3n CEQUA y el financiamiento de 90&nbsp; millones de pesos con cargo a los fondos\nsectoriales para el dise\u00f1o de la \u201cReposici\u00f3n Sistema de Agua Potable Rural\nHuertos Familiares, Comuna Natales\u201d. <\/p>\n","protected":false},"excerpt":{"rendered":"<p>Como una manera de descentralizar su quehacer y estar presente en todo el territorio el CORE se re\u00fane al menos una vez al a\u00f1o en cada comuna y este lunes&#8230; <a class=\"read-more\" href=\"https:\/\/www.radiopresidenteibanez.cl\/web\/en-sesion-plenaria-efectuada-en-laguna-blanca-core-constato-avances-y-desafios-comunales\/\">Leer m\u00e1s<\/a><\/p>\n","protected":false},"author":2,"featured_media":6765,"comment_status":"closed","ping_status":"closed","sticky":false,"template":"","format":"standard","meta":{"footnotes":""},"categories":[1],"tags":[],"class_list":["post-6764","post","type-post","status-publish","format-standard","has-post-thumbnail","hentry","category-cronica"],"_links":{"self":[{"href":"https:\/\/www.radiopresidenteibanez.cl\/web\/wp-json\/wp\/v2\/posts\/6764","targetHints":{"allow":["GET"]}}],"collection":[{"href":"https:\/\/www.radiopresidenteibanez.cl\/web\/wp-json\/wp\/v2\/posts"}],"about":[{"href":"https:\/\/www.radiopresidenteibanez.cl\/web\/wp-json\/wp\/v2\/types\/post"}],"author":[{"embeddable":true,"href":"https:\/\/www.radiopresidenteibanez.cl\/web\/wp-json\/wp\/v2\/users\/2"}],"replies":[{"embeddable":true,"href":"https:\/\/www.radiopresidenteibanez.cl\/web\/wp-json\/wp\/v2\/comments?post=6764"}],"version-history":[{"count":0,"href":"https:\/\/www.radiopresidenteibanez.cl\/web\/wp-json\/wp\/v2\/posts\/6764\/revisions"}],"wp:featuredmedia":[{"embeddable":true,"href":"https:\/\/www.radiopresidenteibanez.cl\/web\/wp-json\/wp\/v2\/media\/6765"}],"wp:attachment":[{"href":"https:\/\/www.radiopresidenteibanez.cl\/web\/wp-json\/wp\/v2\/media?parent=6764"}],"wp:term":[{"taxonomy":"category","embeddable":true,"href":"https:\/\/www.radiopresidenteibanez.cl\/web\/wp-json\/wp\/v2\/categories?post=6764"},{"taxonomy":"post_tag","embeddable":true,"href":"https:\/\/www.radiopresidenteibanez.cl\/web\/wp-json\/wp\/v2\/tags?post=6764"}],"curies":[{"name":"wp","href":"https:\/\/api.w.org\/{rel}","templated":true}]}}