{"id":6752,"date":"2019-09-03T15:01:55","date_gmt":"2019-09-03T15:01:55","guid":{"rendered":"http:\/\/www.radiopresidenteibanez.cl\/web\/?p=6752"},"modified":"2019-09-03T15:02:00","modified_gmt":"2019-09-03T15:02:00","slug":"seminarios-talleres-y-festival-de-forjadores-ambientales-marcaran-la-agenda-ciudadana-de-la-cop25-en-magallanes","status":"publish","type":"post","link":"https:\/\/www.radiopresidenteibanez.cl\/web\/seminarios-talleres-y-festival-de-forjadores-ambientales-marcaran-la-agenda-ciudadana-de-la-cop25-en-magallanes\/","title":{"rendered":"SEMINARIOS, TALLERES Y FESTIVAL DE FORJADORES AMBIENTALES MARCAR\u00c1N LA AGENDA CIUDADANA DE LA COP25 EN MAGALLANES"},"content":{"rendered":"\n<p>Este lunes, el\nPresidente Sebasti\u00e1n Pi\u00f1era junto a la Ministra Carolina Schmidt realizaron el\nLanzamiento de la Agenda Ciudadana COP25, que busca movilizar a los chilenos a\nque adopten una vida m\u00e1s sustentable y amistosa con el medio ambiente, de cara\na la mayor cumbre sobre cambio clim\u00e1tico del mundo, que se realizar\u00e1 en\ndiciembre en Santiago.<\/p>\n\n\n\n<p>La agenda regional fue\nanunciada por el Intendente Jos\u00e9 Fern\u00e1ndez D\u00fcbrock, quien destac\u00f3 la\nimportancia del evento para nuestro pa\u00eds. \u201cChile es sede de esta importante\nreuni\u00f3n sobre el Cambio Clim\u00e1tico y una de las tem\u00e1ticas principales ser\u00e1n los\noc\u00e9anos, tal como destac\u00f3 nuestro Presidente Sebasti\u00e1n Pi\u00f1era durante el\nlanzamiento de la Agenda Ciudadana en Santiago. De aqu\u00ed a diciembre, nosotros\nvamos a tener una serie de actividades, como seminarios, festivales y charlas\nen colegios, con municipalidades y alcaldes, para ir creando conciencia en las\npersonas sobre c\u00f3mo podemos ir revirtiendo esta situaci\u00f3n que nos afecta a\ntodos\u201d, indic\u00f3.<\/p>\n\n\n\n<p>Por su parte, el Seremi\ndel Medio Ambiente Eduardo Schiappacasse explic\u00f3 que \u201cla COP25 debe ser un hito\nhist\u00f3rico para Chile y su compromiso con la acci\u00f3n clim\u00e1tica, el combate al\ncalentamiento global y la transici\u00f3n hacia un desarrollo sostenible. A nivel\nmundial hemos destacado por nuestra pol\u00edtica para incentivar el desarrollo de\nenerg\u00edas renovables no convencionales, pasando de 10% el 2014 a 20% el 2018;\ntransformaci\u00f3n hacia la electromovilidad, con ciudades menos contaminadas y con\nmenos ruido; y, principalmente, con el desaf\u00edo que anunci\u00f3 el Presidente\nSebasti\u00e1n Pi\u00f1era de lograr la carbono neutralidad al 2050\u201d.<\/p>\n\n\n\n<p>Las actividades de la\nAgenda Ciudadana COP25 en la regi\u00f3n comienzan este jueves, con el lanzamiento\ndel Concurso de pintura \u201cEl Cambio Clim\u00e1tico en mi regi\u00f3n \u2013 COP25\u201d y\nposteriormente, contin\u00faa el 10 y 11 de septiembre con el taller \u201cCambio\nClim\u00e1tico para Comunicadores y Educadores\u201d y un Seminario dirigido a la\ncomunidad de la Provincia de \u00daltima Esperanza.<\/p>\n\n\n\n<p>En el mes de octubre se\nrealizar\u00e1n dos seminarios en Punta Arenas, que incluir\u00e1n charlas y paneles de\nconversaci\u00f3n, stand de emprendedores sustentables y la visi\u00f3n del mundo\ncient\u00edfico. Adem\u00e1s, se realizar\u00e1n una serie de talleres de Gobernanza\nAmbiental, donde podr\u00e1n participar alcaldes, concejales, comit\u00e9s ambientales\ncomunales, juntas de vecinos y organizaciones de la sociedad civil. Los ni\u00f1os,\nni\u00f1as y j\u00f3venes, est\u00e1n convocados a participar en &nbsp;el Festival de Forjadores Ambientales y en el\nConsejo de Ni\u00f1os, Ni\u00f1as y J\u00f3venes del CECREA. <\/p>\n\n\n\n<p><strong>Agenda\nCiudadana<\/strong><\/p>\n\n\n\n<p><strong>Regi\u00f3n\nde Magallanes y de la Ant\u00e1rtica Chilena<\/strong><\/p>\n\n\n\n<ul class=\"wp-block-list\"><li><strong>Lanzamiento\nConcurso de pintura \u201cEl Cambio Clim\u00e1tico en mi regi\u00f3n \u2013 COP25\u201d.<\/strong><\/li><\/ul>\n\n\n\n<p>4 de\nseptiembre, 12.30 horas.<\/p>\n\n\n\n<p>Escuela\nManuel Bulnes.<\/p>\n\n\n\n<ul class=\"wp-block-list\"><li><strong>Taller\nde Cambio Clim\u00e1tico para Comunicadores y Educadores.<\/strong><\/li><\/ul>\n\n\n\n<p>10 de septiembre, 15.00 horas<\/p>\n\n\n\n<p>Espacio Cultural Costanera, Puerto Natales.<\/p>\n\n\n\n<ul class=\"wp-block-list\"><li><strong>Seminario\n\u201cCambio Clim\u00e1tico, Biodiversidad y T\u00fa\u201d.<\/strong><\/li><\/ul>\n\n\n\n<p>11 de septiembre, 10.30 horas.<\/p>\n\n\n\n<p>Biblioteca P\u00fablica, Puerto Natales.<\/p>\n\n\n\n<ul class=\"wp-block-list\"><li><strong>Seminario\nde Innovaci\u00f3n: S\u00famate a la Acci\u00f3n Clim\u00e1tica<\/strong><\/li><\/ul>\n\n\n\n<p>3 de\noctubre, 9.00 horas.<\/p>\n\n\n\n<p>Hotel\nDreams, Punta Arenas.<\/p>\n\n\n\n<ul class=\"wp-block-list\"><li><strong>Taller\n\u201cGobernanza Ambiental Clim\u00e1tica Local\u201d (Alcaldes y concejales).<\/strong><\/li><\/ul>\n\n\n\n<p>18 de octubre, 9.30 horas <\/p>\n\n\n\n<p>Hotel Diego de Almagro, Punta Arenas.<\/p>\n\n\n\n<ul class=\"wp-block-list\"><li><strong>Taller\n\u201cSociedad Civil para la Acci\u00f3n Clim\u00e1tica\u201d (Comit\u00e9s Ambientales Comunales y\norganizaciones de la sociedad civil).&nbsp;&nbsp;&nbsp;&nbsp;&nbsp;&nbsp; <\/strong><\/li><\/ul>\n\n\n\n<p>18 de octubre, 15.00 horas<\/p>\n\n\n\n<p>Hotel Diego de Almagro, Punta Arenas.<\/p>\n\n\n\n<ul class=\"wp-block-list\"><li><strong>Festival\nregional: \u201cForjadores ambientales en acci\u00f3n: aprendamos sobre Cambio\nClim\u00e1tico\u201d, Ni\u00f1os y j\u00f3venes Forjadores Ambientales.<\/strong><\/li><\/ul>\n\n\n\n<p>25 de octubre, 10.00 horas<\/p>\n\n\n\n<p>Lugar por confirmar, Punta Arenas.<\/p>\n\n\n\n<ul class=\"wp-block-list\"><li><strong>Seminario\n\u201cAcciones de Mitigaci\u00f3n y Adaptaci\u00f3n al Cambio Clim\u00e1tico\u201d, Comunidad en\ngeneral.&nbsp;&nbsp;&nbsp;&nbsp;&nbsp;&nbsp;&nbsp;&nbsp;&nbsp; <\/strong><\/li><\/ul>\n\n\n\n<p>25 de octubre, 18.00 horas<\/p>\n\n\n\n<p>Teatro Municipal, Punta Arenas.<\/p>\n\n\n\n<ul class=\"wp-block-list\"><li><strong>Encuentro\nde ni\u00f1os, ni\u00f1as y j\u00f3venes CECREA\/COP25<\/strong><\/li><\/ul>\n\n\n\n<p>5 al 8\nde diciembre.<\/p>\n\n\n\n<p>Centro\nNacional de Arte Contempor\u00e1neo de Cerrillos, Santiago de Chile.<\/p>\n","protected":false},"excerpt":{"rendered":"<p>Este lunes, el Presidente Sebasti\u00e1n Pi\u00f1era junto a la Ministra Carolina Schmidt realizaron el Lanzamiento de la Agenda Ciudadana COP25, que busca movilizar a los chilenos a que adopten una&#8230; <a class=\"read-more\" href=\"https:\/\/www.radiopresidenteibanez.cl\/web\/seminarios-talleres-y-festival-de-forjadores-ambientales-marcaran-la-agenda-ciudadana-de-la-cop25-en-magallanes\/\">Leer m\u00e1s<\/a><\/p>\n","protected":false},"author":2,"featured_media":6753,"comment_status":"closed","ping_status":"closed","sticky":false,"template":"","format":"standard","meta":{"footnotes":""},"categories":[1],"tags":[],"class_list":["post-6752","post","type-post","status-publish","format-standard","has-post-thumbnail","hentry","category-cronica"],"_links":{"self":[{"href":"https:\/\/www.radiopresidenteibanez.cl\/web\/wp-json\/wp\/v2\/posts\/6752","targetHints":{"allow":["GET"]}}],"collection":[{"href":"https:\/\/www.radiopresidenteibanez.cl\/web\/wp-json\/wp\/v2\/posts"}],"about":[{"href":"https:\/\/www.radiopresidenteibanez.cl\/web\/wp-json\/wp\/v2\/types\/post"}],"author":[{"embeddable":true,"href":"https:\/\/www.radiopresidenteibanez.cl\/web\/wp-json\/wp\/v2\/users\/2"}],"replies":[{"embeddable":true,"href":"https:\/\/www.radiopresidenteibanez.cl\/web\/wp-json\/wp\/v2\/comments?post=6752"}],"version-history":[{"count":0,"href":"https:\/\/www.radiopresidenteibanez.cl\/web\/wp-json\/wp\/v2\/posts\/6752\/revisions"}],"wp:featuredmedia":[{"embeddable":true,"href":"https:\/\/www.radiopresidenteibanez.cl\/web\/wp-json\/wp\/v2\/media\/6753"}],"wp:attachment":[{"href":"https:\/\/www.radiopresidenteibanez.cl\/web\/wp-json\/wp\/v2\/media?parent=6752"}],"wp:term":[{"taxonomy":"category","embeddable":true,"href":"https:\/\/www.radiopresidenteibanez.cl\/web\/wp-json\/wp\/v2\/categories?post=6752"},{"taxonomy":"post_tag","embeddable":true,"href":"https:\/\/www.radiopresidenteibanez.cl\/web\/wp-json\/wp\/v2\/tags?post=6752"}],"curies":[{"name":"wp","href":"https:\/\/api.w.org\/{rel}","templated":true}]}}