{"id":675,"date":"2019-01-23T12:25:52","date_gmt":"2019-01-23T12:25:52","guid":{"rendered":"http:\/\/www.radiopresidenteibanez.cl\/web\/?p=675"},"modified":"2019-01-23T12:25:59","modified_gmt":"2019-01-23T12:25:59","slug":"iva-brigada-aerea-realizo-evacuacion-aeromedica-nocturna-desde-isla-dawson","status":"publish","type":"post","link":"https:\/\/www.radiopresidenteibanez.cl\/web\/iva-brigada-aerea-realizo-evacuacion-aeromedica-nocturna-desde-isla-dawson\/","title":{"rendered":"IVA BRIGADA A\u00c9REA REALIZ\u00d3 EVACUACI\u00d3N AEROM\u00c9DICA NOCTURNA DESDE ISLA DAWSON"},"content":{"rendered":"\n<p>Durante\nla noche de este martes 22 de enero, un helic\u00f3ptero Bell-412 de dotaci\u00f3n del\nGrupo de Aviaci\u00f3n N\u00b06 de la IV<sup>a<\/sup> Brigada A\u00e9rea se traslad\u00f3 hasta la\nlocalidad de Isla Dawson para realizar una evacuaci\u00f3n aerom\u00e9dica de un paciente\nde 63 a\u00f1os que requer\u00eda ser hospitalizado de urgencia en Punta Arenas.&nbsp; <\/p>\n\n\n\n<p>De\nacuerdo al diagn\u00f3stico m\u00e9dico, el paciente se encontraba en estado grave, lo\nque oblig\u00f3 a solicitar su inmediato traslado hasta el Hospital Cl\u00ednico de\nMagallanes.<\/p>\n\n\n\n<p>El\nhelic\u00f3ptero Bell-412 de la FACh arrib\u00f3 al helipuerto del Hospital Cl\u00ednico de\nMagallanes a las 00,30 horas de esta madrugada. All\u00ed el paciente recibi\u00f3\natenci\u00f3n m\u00e9dica especializada.<\/p>\n","protected":false},"excerpt":{"rendered":"<p>Durante la noche de este martes 22 de enero, un helic\u00f3ptero Bell-412 de dotaci\u00f3n del Grupo de Aviaci\u00f3n N\u00b06 de la IVa Brigada A\u00e9rea se traslad\u00f3 hasta la localidad de&#8230; <a class=\"read-more\" href=\"https:\/\/www.radiopresidenteibanez.cl\/web\/iva-brigada-aerea-realizo-evacuacion-aeromedica-nocturna-desde-isla-dawson\/\">Leer m\u00e1s<\/a><\/p>\n","protected":false},"author":2,"featured_media":676,"comment_status":"closed","ping_status":"closed","sticky":false,"template":"","format":"standard","meta":{"footnotes":""},"categories":[1],"tags":[],"class_list":["post-675","post","type-post","status-publish","format-standard","has-post-thumbnail","hentry","category-cronica"],"_links":{"self":[{"href":"https:\/\/www.radiopresidenteibanez.cl\/web\/wp-json\/wp\/v2\/posts\/675","targetHints":{"allow":["GET"]}}],"collection":[{"href":"https:\/\/www.radiopresidenteibanez.cl\/web\/wp-json\/wp\/v2\/posts"}],"about":[{"href":"https:\/\/www.radiopresidenteibanez.cl\/web\/wp-json\/wp\/v2\/types\/post"}],"author":[{"embeddable":true,"href":"https:\/\/www.radiopresidenteibanez.cl\/web\/wp-json\/wp\/v2\/users\/2"}],"replies":[{"embeddable":true,"href":"https:\/\/www.radiopresidenteibanez.cl\/web\/wp-json\/wp\/v2\/comments?post=675"}],"version-history":[{"count":0,"href":"https:\/\/www.radiopresidenteibanez.cl\/web\/wp-json\/wp\/v2\/posts\/675\/revisions"}],"wp:featuredmedia":[{"embeddable":true,"href":"https:\/\/www.radiopresidenteibanez.cl\/web\/wp-json\/wp\/v2\/media\/676"}],"wp:attachment":[{"href":"https:\/\/www.radiopresidenteibanez.cl\/web\/wp-json\/wp\/v2\/media?parent=675"}],"wp:term":[{"taxonomy":"category","embeddable":true,"href":"https:\/\/www.radiopresidenteibanez.cl\/web\/wp-json\/wp\/v2\/categories?post=675"},{"taxonomy":"post_tag","embeddable":true,"href":"https:\/\/www.radiopresidenteibanez.cl\/web\/wp-json\/wp\/v2\/tags?post=675"}],"curies":[{"name":"wp","href":"https:\/\/api.w.org\/{rel}","templated":true}]}}