{"id":6741,"date":"2019-09-02T20:40:05","date_gmt":"2019-09-02T20:40:05","guid":{"rendered":"http:\/\/www.radiopresidenteibanez.cl\/web\/?p=6741"},"modified":"2019-09-02T20:40:11","modified_gmt":"2019-09-02T20:40:11","slug":"municipio-presento-kit-de-punto-limpio-para-eventos-masivos","status":"publish","type":"post","link":"https:\/\/www.radiopresidenteibanez.cl\/web\/municipio-presento-kit-de-punto-limpio-para-eventos-masivos\/","title":{"rendered":"MUNICIPIO PRESENT\u00d3 KIT DE PUNTO LIMPIO PARA EVENTOS MASIVOS"},"content":{"rendered":"\n<p>En el marco del proceso de Certificaci\u00f3n Ambiental Comunal Intermedio, se desarroll\u00f3 una nueva reuni\u00f3n junto al Comit\u00e9 Ambiental Comunal (CAC), encabezada por el Alcalde Claudio Radonich y representantes de la Direcci\u00f3n de Aseo y Ornato del Municipio de nuestra ciudad.<\/p>\n\n\n\n<p>En la ocasi\u00f3n se dio a conocer el nuevo \u201cKit de Punto Limpio\u201d, el cual consiste en contenedores de color Azul para papel \u2013 cart\u00f3n; Amarillo para pl\u00e1sticos; Gris para residuos, y Verde para botellas de vidrio, con el fin de lograr una diferenciaci\u00f3n adecuada y acorde a la Ley vigente.<\/p>\n\n\n\n<p>\u201cLos contenedores ser\u00e1n utilizados en eventos masivos, con lo cual se busca generar mayor conciencia para que la ciudadan\u00eda al momento de consumir alimentos, los envases y embalajes, puedan ser dispuestos como corresponde, generando con ello mayor cuidado del entorno\u201d, explic\u00f3 el alcalde Radonich.<\/p>\n\n\n\n<p>A esto la autoridad comunal agreg\u00f3 que \u201cen el corto plazo, este KIT ser\u00e1 utilizado en la celebraci\u00f3n de las Fiestas Patrias durante las celebraciones del 18 de septiembre en el Parque Mar\u00eda Behety, y en la oportunidad se capacitar\u00e1 a los asistentes para que sepan c\u00f3mo compactar y disponer de manera correcta los residuos\u201d.<\/p>\n\n\n\n<p>Esta iniciativa fue planteada como una necesidad para la comunidad recogida por los diferentes actores del Comit\u00e9, y se materializ\u00f3 gracias al subsidio del Ministerio de Medio Ambiente. Se espera a mediano plazo tener otros puntos limpios en la comuna para incentivar la ley Responsabilidad Extendida del Productor (REP).<\/p>\n\n\n\n<p><br><\/p>\n","protected":false},"excerpt":{"rendered":"<p>En el marco del proceso de Certificaci\u00f3n Ambiental Comunal Intermedio, se desarroll\u00f3 una nueva reuni\u00f3n junto al Comit\u00e9 Ambiental Comunal (CAC), encabezada por el Alcalde Claudio Radonich y representantes de&#8230; <a class=\"read-more\" href=\"https:\/\/www.radiopresidenteibanez.cl\/web\/municipio-presento-kit-de-punto-limpio-para-eventos-masivos\/\">Leer m\u00e1s<\/a><\/p>\n","protected":false},"author":2,"featured_media":6743,"comment_status":"closed","ping_status":"closed","sticky":false,"template":"","format":"standard","meta":{"footnotes":""},"categories":[1],"tags":[],"class_list":["post-6741","post","type-post","status-publish","format-standard","has-post-thumbnail","hentry","category-cronica"],"_links":{"self":[{"href":"https:\/\/www.radiopresidenteibanez.cl\/web\/wp-json\/wp\/v2\/posts\/6741","targetHints":{"allow":["GET"]}}],"collection":[{"href":"https:\/\/www.radiopresidenteibanez.cl\/web\/wp-json\/wp\/v2\/posts"}],"about":[{"href":"https:\/\/www.radiopresidenteibanez.cl\/web\/wp-json\/wp\/v2\/types\/post"}],"author":[{"embeddable":true,"href":"https:\/\/www.radiopresidenteibanez.cl\/web\/wp-json\/wp\/v2\/users\/2"}],"replies":[{"embeddable":true,"href":"https:\/\/www.radiopresidenteibanez.cl\/web\/wp-json\/wp\/v2\/comments?post=6741"}],"version-history":[{"count":0,"href":"https:\/\/www.radiopresidenteibanez.cl\/web\/wp-json\/wp\/v2\/posts\/6741\/revisions"}],"wp:featuredmedia":[{"embeddable":true,"href":"https:\/\/www.radiopresidenteibanez.cl\/web\/wp-json\/wp\/v2\/media\/6743"}],"wp:attachment":[{"href":"https:\/\/www.radiopresidenteibanez.cl\/web\/wp-json\/wp\/v2\/media?parent=6741"}],"wp:term":[{"taxonomy":"category","embeddable":true,"href":"https:\/\/www.radiopresidenteibanez.cl\/web\/wp-json\/wp\/v2\/categories?post=6741"},{"taxonomy":"post_tag","embeddable":true,"href":"https:\/\/www.radiopresidenteibanez.cl\/web\/wp-json\/wp\/v2\/tags?post=6741"}],"curies":[{"name":"wp","href":"https:\/\/api.w.org\/{rel}","templated":true}]}}