{"id":6738,"date":"2019-09-02T20:19:19","date_gmt":"2019-09-02T20:19:19","guid":{"rendered":"http:\/\/www.radiopresidenteibanez.cl\/web\/?p=6738"},"modified":"2019-09-02T20:19:26","modified_gmt":"2019-09-02T20:19:26","slug":"puerto-natales-es-elegido-entre-los-mejores-gobiernos-municipales-a-nivel-latinoamericano","status":"publish","type":"post","link":"https:\/\/www.radiopresidenteibanez.cl\/web\/puerto-natales-es-elegido-entre-los-mejores-gobiernos-municipales-a-nivel-latinoamericano\/","title":{"rendered":"PUERTO NATALES ES ELEGIDO ENTRE LOS MEJORES GOBIERNOS MUNICIPALES A NIVEL LATINOAMERICANO"},"content":{"rendered":"\n<p>Una importante distinci\u00f3n recibi\u00f3\nla comuna de Natales en el Congreso Internacional \u201cExperiencia Puerto Rico\n2019\u201d del Consejo Consultivo de la Federaci\u00f3n Latinoamericana de Ciudades,\nMunicipios y Asociaciones de Gobiernos Locales (FLACMA)<em>. <\/em>En la actividad la municipalidad, representada por el alcalde\nFernando Paredes recibi\u00f3 el premio latinoamericano al Buen Gobierno Municipal\n2019 en el Centro de Bellas Artes de Santurce, San Juan, Puerto Rico.<\/p>\n\n\n\n<p>Puerto Natales fue elegido como\nuno de los mejores gobiernos municipales entre 16 mil municipios\nlatinoamericanos que integran FLACMA. Siendo un reconocimiento a la\nplanificaci\u00f3n y coordinaci\u00f3n de la municipalidad frente a requerimientos\nsociales y gesti\u00f3n con el gobierno central. <\/p>\n\n\n\n<p>El alcalde de la comuna, quien\nasisti\u00f3 en calidad de Secretario General de la Asociaci\u00f3n Chilena de\nMunicipalidades representando a nuestro pa\u00eds, &nbsp;se mostr\u00f3 contento y orgulloso por la obtenci\u00f3n\ndel reconocimiento y destac\u00f3 la importancia de participar en este tipo de\ncongresos. \u201cNatales como gesti\u00f3n municipal se le reconoce fuera de nuestro pa\u00eds\na nivel latinoamericano, y eso claramente tiene un valor incalculable; y yo\norgulloso de poder representar a cada uno de los natalinos y natalinas. Que\nNatales sea reconocido en el contexto latinoamericano es absolutamente\nimportante, as\u00ed que contento y orgulloso. Haciendo un balance de la\nparticipaci\u00f3n en este congreso de FLACMA a nivel latinoamericano, hago un\nbalance muy positivo\u201d, indic\u00f3 Paredes.<\/p>\n\n\n\n<p>El reconocimiento hecho a la\ncomuna de Natales, tiene relaci\u00f3n con el trabajo que ha realizado como gesti\u00f3n\ndesde el municipio, destacando la recuperaci\u00f3n de espacios p\u00fablicos y el\nordenamiento de la ciudad, el fomento al sector tur\u00edstico tambi\u00e9n ha sido un\nsello de la gesti\u00f3n municipal, destacando el premio Green Destinations, el\naumento de l\u00edneas a\u00e9reas a Puerto Natales, la confecci\u00f3n de un Plan de\nDesarrollo Tur\u00edstico. &nbsp;En t\u00e9rminos de\ninfraestructura el alcalde Natalino destac\u00f3 que la comuna ha tenido un avance\nsignificativo como el nuevo Hospital, el Polideportivo, Piscina Municipal, la\nrecuperaci\u00f3n de la costanera de la ciudad, pavimentaci\u00f3n, el relleno sanitario,\nentre otras obras emblem\u00e1ticas de la ciudad.<\/p>\n\n\n\n<p>La autoridad natalina se\u00f1al\u00f3 que este trabajo y\nreconocimiento ha sido gracias al apoyo y compromiso del Concejo Municipal, el\nGobierno Regional y el Consejo Regional de Magallanes quienes han tenido una\nmirada de desarrollo para la comuna.<\/p>\n","protected":false},"excerpt":{"rendered":"<p>Una importante distinci\u00f3n recibi\u00f3 la comuna de Natales en el Congreso Internacional \u201cExperiencia Puerto Rico 2019\u201d del Consejo Consultivo de la Federaci\u00f3n Latinoamericana de Ciudades, Municipios y Asociaciones de Gobiernos&#8230; <a class=\"read-more\" href=\"https:\/\/www.radiopresidenteibanez.cl\/web\/puerto-natales-es-elegido-entre-los-mejores-gobiernos-municipales-a-nivel-latinoamericano\/\">Leer m\u00e1s<\/a><\/p>\n","protected":false},"author":2,"featured_media":6739,"comment_status":"closed","ping_status":"closed","sticky":false,"template":"","format":"standard","meta":{"footnotes":""},"categories":[1],"tags":[],"class_list":["post-6738","post","type-post","status-publish","format-standard","has-post-thumbnail","hentry","category-cronica"],"_links":{"self":[{"href":"https:\/\/www.radiopresidenteibanez.cl\/web\/wp-json\/wp\/v2\/posts\/6738","targetHints":{"allow":["GET"]}}],"collection":[{"href":"https:\/\/www.radiopresidenteibanez.cl\/web\/wp-json\/wp\/v2\/posts"}],"about":[{"href":"https:\/\/www.radiopresidenteibanez.cl\/web\/wp-json\/wp\/v2\/types\/post"}],"author":[{"embeddable":true,"href":"https:\/\/www.radiopresidenteibanez.cl\/web\/wp-json\/wp\/v2\/users\/2"}],"replies":[{"embeddable":true,"href":"https:\/\/www.radiopresidenteibanez.cl\/web\/wp-json\/wp\/v2\/comments?post=6738"}],"version-history":[{"count":0,"href":"https:\/\/www.radiopresidenteibanez.cl\/web\/wp-json\/wp\/v2\/posts\/6738\/revisions"}],"wp:featuredmedia":[{"embeddable":true,"href":"https:\/\/www.radiopresidenteibanez.cl\/web\/wp-json\/wp\/v2\/media\/6739"}],"wp:attachment":[{"href":"https:\/\/www.radiopresidenteibanez.cl\/web\/wp-json\/wp\/v2\/media?parent=6738"}],"wp:term":[{"taxonomy":"category","embeddable":true,"href":"https:\/\/www.radiopresidenteibanez.cl\/web\/wp-json\/wp\/v2\/categories?post=6738"},{"taxonomy":"post_tag","embeddable":true,"href":"https:\/\/www.radiopresidenteibanez.cl\/web\/wp-json\/wp\/v2\/tags?post=6738"}],"curies":[{"name":"wp","href":"https:\/\/api.w.org\/{rel}","templated":true}]}}