{"id":6735,"date":"2019-09-02T19:03:21","date_gmt":"2019-09-02T19:03:21","guid":{"rendered":"http:\/\/www.radiopresidenteibanez.cl\/web\/?p=6735"},"modified":"2019-09-02T19:03:26","modified_gmt":"2019-09-02T19:03:26","slug":"gremios-de-cpc-magallanes-y-otras-fuerzas-productivas-se-unen-para-denunciar-peligros-para-el-desarrollo-de-la-region","status":"publish","type":"post","link":"https:\/\/www.radiopresidenteibanez.cl\/web\/gremios-de-cpc-magallanes-y-otras-fuerzas-productivas-se-unen-para-denunciar-peligros-para-el-desarrollo-de-la-region\/","title":{"rendered":"GREMIOS DE CPC MAGALLANES Y OTRAS FUERZAS PRODUCTIVAS SE UNEN PARA DENUNCIAR PELIGROS PARA EL DESARROLLO DE LA REGI\u00d3N"},"content":{"rendered":"\n<p>Una masiva concurrencia de dirigentes gremiales y sindicales tuvo hoy el punto de prensa que lider\u00f3 CPC Magallanes con el prop\u00f3sito de denunciar p\u00fablicamente los peligros que afectan el desarrollo productivo de la regi\u00f3n. Falta de certeza institucional, desconexi\u00f3n de las autoridades con la realidad local y ausencia de liderazgo fueron algunas de las quejas expresadas por los gremios.<\/p>\n\n\n\n<p>\u201cLos magall\u00e1nicos vemos con preocupaci\u00f3n c\u00f3mo el desarrollo y las perspectivas de crecimiento y proyecci\u00f3n de nuestra zona est\u00e1n amenazadas. Esto se debe a decisiones centralistas tomadas por autoridades nacionales y por acciones u omisiones de algunos parlamentarios\u201d, dijo Alejandro Kusanovic, Presidente de CPC Magallanes.<\/p>\n\n\n\n<p>Dijo que las autoridades regionales no han entendido, recogido ni canalizado las necesidades de los magall\u00e1nicos y dio como ejemplo la situaci\u00f3n que afecta a Mina Invierno y el proyecto que pretende cambiar las reglas del juego a la salmonicultura.<\/p>\n\n\n\n<p>\u201cEl carb\u00f3n y la salmonicultura brinda empleo a 8 mil personas, unas 32 mil personas si se considera el grupo familiar, es decir, el 20 por ciento de la poblaci\u00f3n. Ambas actividades forman parte de la Estrategia Regional de Desarrollo de Magallanes 2020\u201d, hizo ver el dirigente agregando que \u201cLo \u00fanico que pedimos es que se respeten las instituciones y los planes elaborados por las autoridades como cartas de navegaci\u00f3n, para que el sector privado tenga certeza a la hora de invertir y generar empleo.\u201d<\/p>\n\n\n\n<p>En el encuentro con los medios hubo representantes de Armasur, Asociaci\u00f3n de Ganaderos de Magallanes A.G., Agia, CChC, Sindicato de Trabajadores de Establecimiento Acu\u00edcolas, Sindicato de Trabajadores Mar\u00edtimo Portuario de Punta Arenas, Comunidad Kawesqar K\u00b4skial de Puerto Natales, Comunidad Ind\u00edgena Kawesqar Cazadores Patag\u00f3nicos, Coimuindad Kawesqar Juan P\u00e9rez de Puerto Natales, Asociaci\u00f3n de Industriales de Tierra del Fuego y Navarino, Transportistas de Magallanes A.G., C\u00e1mara Franca, C\u00e1mara Aduanera, A.G.T.P.A., Asociaci\u00f3n de Productores de Salm\u00f3n &amp; Trucha de Magallanes A.G., C\u00e1mara de Comercio, Servicios y Turismo de Magallanes, A.G., C\u00e1mara Mr\u00edtima y Portuaria de Chile A.G., AGTF., Fuerza Pyme y Codema.<\/p>\n","protected":false},"excerpt":{"rendered":"<p>Una masiva concurrencia de dirigentes gremiales y sindicales tuvo hoy el punto de prensa que lider\u00f3 CPC Magallanes con el prop\u00f3sito de denunciar p\u00fablicamente los peligros que afectan el desarrollo&#8230; <a class=\"read-more\" href=\"https:\/\/www.radiopresidenteibanez.cl\/web\/gremios-de-cpc-magallanes-y-otras-fuerzas-productivas-se-unen-para-denunciar-peligros-para-el-desarrollo-de-la-region\/\">Leer m\u00e1s<\/a><\/p>\n","protected":false},"author":2,"featured_media":6736,"comment_status":"closed","ping_status":"closed","sticky":false,"template":"","format":"standard","meta":{"footnotes":""},"categories":[1],"tags":[],"class_list":["post-6735","post","type-post","status-publish","format-standard","has-post-thumbnail","hentry","category-cronica"],"_links":{"self":[{"href":"https:\/\/www.radiopresidenteibanez.cl\/web\/wp-json\/wp\/v2\/posts\/6735","targetHints":{"allow":["GET"]}}],"collection":[{"href":"https:\/\/www.radiopresidenteibanez.cl\/web\/wp-json\/wp\/v2\/posts"}],"about":[{"href":"https:\/\/www.radiopresidenteibanez.cl\/web\/wp-json\/wp\/v2\/types\/post"}],"author":[{"embeddable":true,"href":"https:\/\/www.radiopresidenteibanez.cl\/web\/wp-json\/wp\/v2\/users\/2"}],"replies":[{"embeddable":true,"href":"https:\/\/www.radiopresidenteibanez.cl\/web\/wp-json\/wp\/v2\/comments?post=6735"}],"version-history":[{"count":0,"href":"https:\/\/www.radiopresidenteibanez.cl\/web\/wp-json\/wp\/v2\/posts\/6735\/revisions"}],"wp:featuredmedia":[{"embeddable":true,"href":"https:\/\/www.radiopresidenteibanez.cl\/web\/wp-json\/wp\/v2\/media\/6736"}],"wp:attachment":[{"href":"https:\/\/www.radiopresidenteibanez.cl\/web\/wp-json\/wp\/v2\/media?parent=6735"}],"wp:term":[{"taxonomy":"category","embeddable":true,"href":"https:\/\/www.radiopresidenteibanez.cl\/web\/wp-json\/wp\/v2\/categories?post=6735"},{"taxonomy":"post_tag","embeddable":true,"href":"https:\/\/www.radiopresidenteibanez.cl\/web\/wp-json\/wp\/v2\/tags?post=6735"}],"curies":[{"name":"wp","href":"https:\/\/api.w.org\/{rel}","templated":true}]}}