{"id":6732,"date":"2019-09-02T17:21:42","date_gmt":"2019-09-02T17:21:42","guid":{"rendered":"http:\/\/www.radiopresidenteibanez.cl\/web\/?p=6732"},"modified":"2019-09-02T17:21:47","modified_gmt":"2019-09-02T17:21:47","slug":"familias-que-viviran-en-loteo-las-flores-conocieron-casa-piloto-del-conjunto-habitacional","status":"publish","type":"post","link":"https:\/\/www.radiopresidenteibanez.cl\/web\/familias-que-viviran-en-loteo-las-flores-conocieron-casa-piloto-del-conjunto-habitacional\/","title":{"rendered":"FAMILIAS QUE VIVIR\u00c1N EN LOTEO LAS FLORES CONOCIERON CASA PILOTO DEL CONJUNTO HABITACIONAL"},"content":{"rendered":"\n<p>Con gran alegr\u00eda y ansiedad, las 125 familias de las agrupaciones \u201cLas Flores\u201d y \u201cNuestro sue\u00f1o, una Realidad\u201d visitaron la casa piloto de conjunto habitacional Las Flores en Rio Seco, proyecto que lleva adelante la entidad patrocinante de la Municipalidad de Punta Arenas, financiado con subsidios del Fondo Solidario de Elecci\u00f3n de Vivienda del Ministerio de Vivienda y Urbanismo y el Gobierno Regional a trav\u00e9s del FNDR.<\/p>\n\n\n\n<p>La visita de las familias fue acompa\u00f1ada por el alcalde de Punta Arenas Claudio Radonich y el director regional de Serviu Dubalio P\u00e9rez, quienes destacaron el avance de las obras, que presentan un 50% de construcci\u00f3n, lo que permite proyectar la entrega de las viviendas para mediados de 2020.<\/p>\n\n\n\n<p>El alcalde Claudio Radonich celebr\u00f3 el importante avance, se\u00f1alando que \u201ceste es un trabajo de la Municipalidad de Punta Arenas, nuestra Entidad Patrocinante en conjunto con Serviu, que han sido grandes socios para apurar estos avances. Quiero recordar que junto a los vecinos, estuvimos con el ministro Cristi\u00e1n Monckeberg, y estamos haciendo todo el esfuerzo, junto a la empresa, para poder adelantar la entrega de estas lindas casas que van a constituir un gran barrio. Son 125 familias que esperamos que en unos meses m\u00e1s, puedan contar ya con su vivienda propia. Y como ellos est\u00e1n muy avanzados, queremos mantener este esp\u00edritu porque hay cinco grupos m\u00e1s, que est\u00e1n ya con terrenos comprados, con dise\u00f1os hechos, para obtener los subsidios dentro de unos meses y poder comenzar la construcci\u00f3n de etas viviendas el pr\u00f3ximo a\u00f1o\u201d, se\u00f1al\u00f3 la autoridad comunal.<\/p>\n\n\n\n<p>Mientras, el director de Serviu destac\u00f3 el modelo de viviendas. \u201cEstamos muy contentos con el desarrollo del proyecto. Estas son casas de dos pisos, con un dormitorio en el primer piso y otro en el segundo. Y del total del loteo, hay 11 viviendas que tienen un segundo dormitorio en el segundo piso para familias m\u00e1s numerosas, pero que en las otras viviendas queda proyectado, con el fin de que las familias ampl\u00eden si lo requieren. Adem\u00e1s, todas las propiedades tienen entrada de veh\u00edculos y patio\u201d.<\/p>\n\n\n\n<p>Uno de los futuros vecinos de este conjunto, Alex G\u00f3mez, coment\u00f3 que \u201cest\u00e1n bonitas la casas, estupendas, es un sue\u00f1o cumplido, despu\u00e9s de tantos a\u00f1os. Estoy contento, agradecido y esperar no m\u00e1s que terminen y las entreguen pronto\u201d.<\/p>\n\n\n\n<p>El proyecto considera 114 viviendas de 49,5 m2, ampliables a 58 m2 y 11 de 58 m2, con dos y tres dormitorios respectivamente, sala de estar comedor, cocina, logia y ba\u00f1o. El loteo considera, adem\u00e1s, una sala de uso m\u00faltiple y \u00e1reas verdes. La inversi\u00f3n del Minvu, que adem\u00e1s cuenta con financiamiento del Gobierno Regional para urbanizaci\u00f3n, alcanza 5 mil 600 millones de pesos.<\/p>\n","protected":false},"excerpt":{"rendered":"<p>Con gran alegr\u00eda y ansiedad, las 125 familias de las agrupaciones \u201cLas Flores\u201d y \u201cNuestro sue\u00f1o, una Realidad\u201d visitaron la casa piloto de conjunto habitacional Las Flores en Rio Seco,&#8230; <a class=\"read-more\" href=\"https:\/\/www.radiopresidenteibanez.cl\/web\/familias-que-viviran-en-loteo-las-flores-conocieron-casa-piloto-del-conjunto-habitacional\/\">Leer m\u00e1s<\/a><\/p>\n","protected":false},"author":2,"featured_media":6733,"comment_status":"closed","ping_status":"closed","sticky":false,"template":"","format":"standard","meta":{"footnotes":""},"categories":[1],"tags":[],"class_list":["post-6732","post","type-post","status-publish","format-standard","has-post-thumbnail","hentry","category-cronica"],"_links":{"self":[{"href":"https:\/\/www.radiopresidenteibanez.cl\/web\/wp-json\/wp\/v2\/posts\/6732","targetHints":{"allow":["GET"]}}],"collection":[{"href":"https:\/\/www.radiopresidenteibanez.cl\/web\/wp-json\/wp\/v2\/posts"}],"about":[{"href":"https:\/\/www.radiopresidenteibanez.cl\/web\/wp-json\/wp\/v2\/types\/post"}],"author":[{"embeddable":true,"href":"https:\/\/www.radiopresidenteibanez.cl\/web\/wp-json\/wp\/v2\/users\/2"}],"replies":[{"embeddable":true,"href":"https:\/\/www.radiopresidenteibanez.cl\/web\/wp-json\/wp\/v2\/comments?post=6732"}],"version-history":[{"count":0,"href":"https:\/\/www.radiopresidenteibanez.cl\/web\/wp-json\/wp\/v2\/posts\/6732\/revisions"}],"wp:featuredmedia":[{"embeddable":true,"href":"https:\/\/www.radiopresidenteibanez.cl\/web\/wp-json\/wp\/v2\/media\/6733"}],"wp:attachment":[{"href":"https:\/\/www.radiopresidenteibanez.cl\/web\/wp-json\/wp\/v2\/media?parent=6732"}],"wp:term":[{"taxonomy":"category","embeddable":true,"href":"https:\/\/www.radiopresidenteibanez.cl\/web\/wp-json\/wp\/v2\/categories?post=6732"},{"taxonomy":"post_tag","embeddable":true,"href":"https:\/\/www.radiopresidenteibanez.cl\/web\/wp-json\/wp\/v2\/tags?post=6732"}],"curies":[{"name":"wp","href":"https:\/\/api.w.org\/{rel}","templated":true}]}}