{"id":6729,"date":"2019-09-02T17:16:17","date_gmt":"2019-09-02T17:16:17","guid":{"rendered":"http:\/\/www.radiopresidenteibanez.cl\/web\/?p=6729"},"modified":"2019-09-02T17:16:22","modified_gmt":"2019-09-02T17:16:22","slug":"gobernadora-ana-mayorga-participo-de-fiscalizacion-realizada-en-locales-nocturnos-de-natales","status":"publish","type":"post","link":"https:\/\/www.radiopresidenteibanez.cl\/web\/gobernadora-ana-mayorga-participo-de-fiscalizacion-realizada-en-locales-nocturnos-de-natales\/","title":{"rendered":"GOBERNADORA ANA MAYORGA PARTICIP\u00d3 DE FISCALIZACI\u00d3N REALIZADA EN LOCALES NOCTURNOS DE NATALES"},"content":{"rendered":"\n<p>La Polic\u00eda de Investigaciones (PDI)\nde Natales, en compa\u00f1\u00eda de Carabineros, funcionarios del seremi de Salud y la\nGobernadora de \u00daltima Esperanza, Ana Mayorga Bahamonde, realizaron una\nfiscalizaci\u00f3n por los locales nocturnos de Puerto Natales con el prop\u00f3sito de\ncontrolar algunos focos de conflicto, como: las visas de trabajo de personas\nextranjeras, patente de alcoholes, sanidad y libre acceso a v\u00edas de escape en\ncaso de accidentes.<\/p>\n\n\n\n<p>Una vez finalizado el procedimiento,\nla m\u00e1xima autoridad provincial realiz\u00f3 un balance de la jornada puntualizando\nque \u201choy acabamos de realizar una jornada bastante provechosa en materia de\nfiscalizaci\u00f3n. Los servicios pudieron multar a los locales nocturnos que no\ncumpl\u00edan con los requisitos m\u00ednimos y nosotros. Por otra parte, como\nGobernaci\u00f3n, a trav\u00e9s de nuestro asesor jur\u00eddico, ver si las personas\nextranjeras contaban con sus visas de trabajo y papeles al d\u00eda.&nbsp; Nuestro deber como representante del Gobierno\ndel Presidente Sebasti\u00e1n Pi\u00f1era en la provincia, es realizar estas\nfiscalizaciones constantemente para ordenar la casa, m\u00e1s a\u00fan, ahora, que el Senado\naprob\u00f3 la nueva Ley de Migraci\u00f3n y Extranjer\u00eda\u201d, dijo.&nbsp;&nbsp;&nbsp;&nbsp;&nbsp;&nbsp;&nbsp;&nbsp;&nbsp;&nbsp;&nbsp;&nbsp; <\/p>\n\n\n\n<p>La fiscalizaci\u00f3n, que estuvo a cargo\ndel subcomisario de la PDI Natales, Miguel Cordero, y se llev\u00f3 a cabo este\nviernes 30 de agosto, entre las 23:00 y 02:30 am, tuvo un total de 27 personas\nfiscalizadas, donde 2 personas de origen extranjero no contaban con sus papeles\nal d\u00eda, por lo cual, tuvieron que ser trasladados hasta las dependencias de la\nPDI para cursar la infracci\u00f3n correspondiente.<\/p>\n\n\n\n<ul class=\"wp-block-list\"><li><strong>VISITA AL TERMINAL PESQUERO <\/strong><\/li><\/ul>\n\n\n\n<p>Alrededor de las 00:30\nhoras, funcionarios de la Capitan\u00eda de Puerto de Puerto Natales, se unieron a\nla fiscalizaci\u00f3n nocturna para visitar el terminal pesquero, debido a que,\nadministradores del terminal realizaron una denuncia a la Gobernadora y al\nComit\u00e9 Policial sobre consumo de alcohol al interior del lugar mencionado.<\/p>\n\n\n\n<p>Luego de recorrer el lugar,\nautoridades y servicios, pudieron constatar que no se encontraban personas\ninfringiendo la ley al interior del recinto.<\/p>\n","protected":false},"excerpt":{"rendered":"<p>La Polic\u00eda de Investigaciones (PDI) de Natales, en compa\u00f1\u00eda de Carabineros, funcionarios del seremi de Salud y la Gobernadora de \u00daltima Esperanza, Ana Mayorga Bahamonde, realizaron una fiscalizaci\u00f3n por los&#8230; <a class=\"read-more\" href=\"https:\/\/www.radiopresidenteibanez.cl\/web\/gobernadora-ana-mayorga-participo-de-fiscalizacion-realizada-en-locales-nocturnos-de-natales\/\">Leer m\u00e1s<\/a><\/p>\n","protected":false},"author":2,"featured_media":6730,"comment_status":"closed","ping_status":"closed","sticky":false,"template":"","format":"standard","meta":{"footnotes":""},"categories":[1],"tags":[],"class_list":["post-6729","post","type-post","status-publish","format-standard","has-post-thumbnail","hentry","category-cronica"],"_links":{"self":[{"href":"https:\/\/www.radiopresidenteibanez.cl\/web\/wp-json\/wp\/v2\/posts\/6729","targetHints":{"allow":["GET"]}}],"collection":[{"href":"https:\/\/www.radiopresidenteibanez.cl\/web\/wp-json\/wp\/v2\/posts"}],"about":[{"href":"https:\/\/www.radiopresidenteibanez.cl\/web\/wp-json\/wp\/v2\/types\/post"}],"author":[{"embeddable":true,"href":"https:\/\/www.radiopresidenteibanez.cl\/web\/wp-json\/wp\/v2\/users\/2"}],"replies":[{"embeddable":true,"href":"https:\/\/www.radiopresidenteibanez.cl\/web\/wp-json\/wp\/v2\/comments?post=6729"}],"version-history":[{"count":0,"href":"https:\/\/www.radiopresidenteibanez.cl\/web\/wp-json\/wp\/v2\/posts\/6729\/revisions"}],"wp:featuredmedia":[{"embeddable":true,"href":"https:\/\/www.radiopresidenteibanez.cl\/web\/wp-json\/wp\/v2\/media\/6730"}],"wp:attachment":[{"href":"https:\/\/www.radiopresidenteibanez.cl\/web\/wp-json\/wp\/v2\/media?parent=6729"}],"wp:term":[{"taxonomy":"category","embeddable":true,"href":"https:\/\/www.radiopresidenteibanez.cl\/web\/wp-json\/wp\/v2\/categories?post=6729"},{"taxonomy":"post_tag","embeddable":true,"href":"https:\/\/www.radiopresidenteibanez.cl\/web\/wp-json\/wp\/v2\/tags?post=6729"}],"curies":[{"name":"wp","href":"https:\/\/api.w.org\/{rel}","templated":true}]}}