{"id":6723,"date":"2019-09-02T17:03:17","date_gmt":"2019-09-02T17:03:17","guid":{"rendered":"http:\/\/www.radiopresidenteibanez.cl\/web\/?p=6723"},"modified":"2019-09-02T17:03:23","modified_gmt":"2019-09-02T17:03:23","slug":"dia-de-la-matroneria-185-anos-al-cuidado-de-la-mujer-y-el-recien-nacido","status":"publish","type":"post","link":"https:\/\/www.radiopresidenteibanez.cl\/web\/dia-de-la-matroneria-185-anos-al-cuidado-de-la-mujer-y-el-recien-nacido\/","title":{"rendered":"D\u00cdA DE LA MATRONER\u00cdA: 185 A\u00d1OS AL CUIDADO DE LA MUJER Y EL RECI\u00c9N NACIDO"},"content":{"rendered":"\n<p>Cada 31 de agosto se\ncelebra en Chile el d\u00eda de la Matroner\u00eda, profesi\u00f3n creada en 1834 y que junto\nmedicina, ostentan el t\u00edtulo de las carreras profesionales m\u00e1s antiguas de\nnuestro pa\u00eds. &nbsp;En el Hospital Cl\u00ednico\nMagallanes (HCM) se celebr\u00f3 esta importante fecha con una ceremonia en la que asistieron\nautoridades de salud, profesionales de la matroner\u00eda de toda la red de salud y\nmatronas(es) retirados.<\/p>\n\n\n\n<p>35&nbsp; son las matronas(es) que desempe\u00f1an labores\nen HCM protegiendo la salud de la mujer y el reci\u00e9n nacido en las \u00e1reas de\nparto, reci\u00e9n nacido, ginecolog\u00eda, neonatolog\u00eda y obstetricia. \u00abLa\nmatroner\u00eda ha experimentado un desarrollo significativo por lo que podemos\ndecir que son profesionales altamente competentes para acompa\u00f1ar a la mujer en\ntodos sus procesos; en etapas tan diversas que van desde la salud sexual y reproductiva,\nel envejecimiento saludable y el cuidado de los reci\u00e9n nacidos, lo que\nclaramente demuestra el avance sustantivo y las competencias t\u00e9cnicas y\ncapacidades de la profesi\u00f3n. Cada d\u00eda nuestros pacientes son testigos del\ncompromiso de los profesionales de la matroner\u00eda entregan en la atenci\u00f3n\nsanitaria.\u00bb, se\u00f1al\u00f3 el Director HCM, Ricardo Contreras. <\/p>\n\n\n\n<p>Por su parte el\nDirector del Servicio de Salud Magallanes, Nelson Reyes Silva agreg\u00f3 que:\n\u201cQuiere extender mis felicitaciones a todo el grupo de profesionales matrones,\nes relevante poder contar con estos profesionales trabajando en este hospital.\nHoy son 35 pero de alguna forma tenemos que ir creciendo y fortaleciendo&nbsp; m\u00e1s este equipo de trabajo que est\u00e1\nrealizando una muy buena labor.\u201d<\/p>\n\n\n\n<p>El rol profesional de\nla matroner\u00eda se ha diversificado, acompa\u00f1ando a la mujer en todo su ciclo\nvital, incorporando a su quehacer la salud sexual y reproductiva, la\ninvestigaci\u00f3n, la consejer\u00eda a las y los adolescentes, familia y comunidad y&nbsp; la gesti\u00f3n, lo que permite impactar\npositivamente en la salud de la poblaci\u00f3n,&nbsp;\nrefiriendo al importante rol en el desarrollo regional en materia de\nG\u00e9nero y Pol\u00edticas P\u00fablicas en favor de la mujer y su familia.<\/p>\n\n\n\n<p>La Matroner\u00eda ha\nestado presente en nuestra regi\u00f3n desde 1920 desarroll\u00e1ndose de manera din\u00e1mica\nal son de los cambios sociales y culturales que se han producido en Magallanes.\nDesde el a\u00f1o 2014 se ha instaurado &nbsp;en HCM\ncomo \u201cUnidad de Administraci\u00f3n del Cuidado de Matroner\u00eda\u201d (UACM), servicio\npropio que&nbsp; planifica, organiza, dirige,\nsupervisa, eval\u00faa y promueve el mejoramiento de la calidad de los cuidados,\nestableciendo modelos de evaluaci\u00f3n, en los servicios correspondientes a matroner\u00eda,\n&nbsp;con el fin de otorgar una atenci\u00f3n segura,\noportuna, continua, con pertenencia cultural, a mujeres y reci\u00e9n nacidos, en\nconcordancia con las pol\u00edticas, programas y normas establecidas por el\nMinisterio de Salud.<\/p>\n\n\n\n<p>En cuanto a los\ndesaf\u00edos de esta profesi\u00f3n,&nbsp; Lorena\nGalindo, Jefe (s) de la Unidad de Administraci\u00f3n del Cuidado de Matroner\u00eda\n(UACM), dijo que: \u201cComo matrones tenemos muchos desaf\u00edos que queremos cumplir\ndonde el objetivo fundamental siempre es nuestra pacientes y sus familias. Ya\nsea en las situaciones buenas y malas. Estamos trabajando en el duelo\nperinatal, en el parto integral desarrollando un protocolo de manejo, en la\nviolencia sexual y la ley de interrupci\u00f3n voluntaria del embarazo. En reci\u00e9n\nnacidos y lactancia queremos lograr poder contar con un banco de leche y un\nlactario ampliado para funcionarias\u201d.<\/p>\n","protected":false},"excerpt":{"rendered":"<p>Cada 31 de agosto se celebra en Chile el d\u00eda de la Matroner\u00eda, profesi\u00f3n creada en 1834 y que junto medicina, ostentan el t\u00edtulo de las carreras profesionales m\u00e1s antiguas&#8230; <a class=\"read-more\" href=\"https:\/\/www.radiopresidenteibanez.cl\/web\/dia-de-la-matroneria-185-anos-al-cuidado-de-la-mujer-y-el-recien-nacido\/\">Leer m\u00e1s<\/a><\/p>\n","protected":false},"author":2,"featured_media":6724,"comment_status":"closed","ping_status":"closed","sticky":false,"template":"","format":"standard","meta":{"footnotes":""},"categories":[1],"tags":[],"class_list":["post-6723","post","type-post","status-publish","format-standard","has-post-thumbnail","hentry","category-cronica"],"_links":{"self":[{"href":"https:\/\/www.radiopresidenteibanez.cl\/web\/wp-json\/wp\/v2\/posts\/6723","targetHints":{"allow":["GET"]}}],"collection":[{"href":"https:\/\/www.radiopresidenteibanez.cl\/web\/wp-json\/wp\/v2\/posts"}],"about":[{"href":"https:\/\/www.radiopresidenteibanez.cl\/web\/wp-json\/wp\/v2\/types\/post"}],"author":[{"embeddable":true,"href":"https:\/\/www.radiopresidenteibanez.cl\/web\/wp-json\/wp\/v2\/users\/2"}],"replies":[{"embeddable":true,"href":"https:\/\/www.radiopresidenteibanez.cl\/web\/wp-json\/wp\/v2\/comments?post=6723"}],"version-history":[{"count":0,"href":"https:\/\/www.radiopresidenteibanez.cl\/web\/wp-json\/wp\/v2\/posts\/6723\/revisions"}],"wp:featuredmedia":[{"embeddable":true,"href":"https:\/\/www.radiopresidenteibanez.cl\/web\/wp-json\/wp\/v2\/media\/6724"}],"wp:attachment":[{"href":"https:\/\/www.radiopresidenteibanez.cl\/web\/wp-json\/wp\/v2\/media?parent=6723"}],"wp:term":[{"taxonomy":"category","embeddable":true,"href":"https:\/\/www.radiopresidenteibanez.cl\/web\/wp-json\/wp\/v2\/categories?post=6723"},{"taxonomy":"post_tag","embeddable":true,"href":"https:\/\/www.radiopresidenteibanez.cl\/web\/wp-json\/wp\/v2\/tags?post=6723"}],"curies":[{"name":"wp","href":"https:\/\/api.w.org\/{rel}","templated":true}]}}