{"id":6720,"date":"2019-09-02T16:59:00","date_gmt":"2019-09-02T16:59:00","guid":{"rendered":"http:\/\/www.radiopresidenteibanez.cl\/web\/?p=6720"},"modified":"2019-09-02T16:59:06","modified_gmt":"2019-09-02T16:59:06","slug":"planificacion-virtual-3d-en-cirugia-ortognatica-en-el-hospital-clinico-magallanes","status":"publish","type":"post","link":"https:\/\/www.radiopresidenteibanez.cl\/web\/planificacion-virtual-3d-en-cirugia-ortognatica-en-el-hospital-clinico-magallanes\/","title":{"rendered":"PLANIFICACI\u00d3N VIRTUAL 3D  EN CIRUG\u00cdA ORTOGN\u00c1TICA EN EL HOSPITAL CL\u00cdNICO MAGALLANES"},"content":{"rendered":"\n<p>Desde\nel a\u00f1o 2017 se realiza en la Unidad de Cirug\u00eda Cabeza y Cuello del Hospital\nCl\u00ednico Magallanes (HCM) la planificaci\u00f3n virtual 3D,&nbsp; herramienta que permite diagnosticar y tratar\npacientes con mayor precisi\u00f3n. Desde ese a\u00f1o, se ha hecho un trabajo paulatino\npara reemplazar las antiguas impresiones en yeso que al d\u00eda de hoy ya est\u00e1n\nobsoletas.&nbsp;&nbsp; Se accede a esta modalidad\nde planificaci\u00f3n como paso previo a la cirug\u00eda ortogn\u00e1tica, que es corregir la\ndeformidad entre mand\u00edbula y maxilar. <\/p>\n\n\n\n<p>La\nplanificaci\u00f3n virtual para cirug\u00eda ortogn\u00e1tica se realiza en pacientes que\ntienen dismorfosis &#8211; alteraciones de forma, tama\u00f1o y posici\u00f3n de los huesos de\nla cara con relaci\u00f3n al cr\u00e1neo-, diagn\u00f3stico de pacientes con asimetr\u00eda o&nbsp; problema en la oclusi\u00f3n o deformidades de\nmaxilares que generan una irregularidad que puede tener da\u00f1os en las\narticulaciones tempomandibulares.<\/p>\n\n\n\n<p>A\ntrav\u00e9s de una imagen virtual se puede realizar un an\u00e1lisis preciso en que\nel&nbsp; cirujano puede anticipar, planificar\ny simular una cirug\u00eda virtual antes de la cirug\u00eda real en pabell\u00f3n e incluso\ncompartir previamente los resultados virtuales con el paciente para incrementar\nsu seguridad y satisfacci\u00f3n sobre los resultados. <\/p>\n\n\n\n<p>\u201cLa\nplanificaci\u00f3n virtual 3D consta en un protocolo de trabajo en el que t\u00fa tomas\nun scanner del paciente&nbsp; y se realiza la reconstrucci\u00f3n\nen tres dimensiones. Luego, se imprime y se pueden evaluar las estructuras a\ntratar y realizar una simulaci\u00f3n quir\u00fargica para ver c\u00f3mo quieres que sean los\nresultados del paciente\u201d, se\u00f1ala el Dr. Francisco Silva Gamboa, cirujano\nmaxilofacial HCM. &nbsp;Al respecto, el\nespecialista agreg\u00f3 que esta t\u00e9cnica es m\u00e1s certera y predecible, adem\u00e1s acorta\nlos tiempos operatorios y mejora los resultados. <\/p>\n\n\n\n<p>La\ncirug\u00eda virtual es una t\u00e9cnica nueva en Chile y se realiza en pocos hospitales\np\u00fablicos del pa\u00eds. &nbsp;Anualmente la Unidad\nde Cirug\u00eda Cabeza y Cuello realiza entre 20 y 25 cirug\u00edas de este tipo. Fue la experiencia\ndel equipo maxilofacial HCM que permiti\u00f3 que el Dr. Silva fuese invitado como\nexpositor en las 6\u00ba Jornadas del Congreso de Cirug\u00eda y Ortodoncia; uno de los\ncongresos anuales m\u00e1s importantes de la especialidad y que se desarroll\u00f3 en la\nciudad de Santiago. <\/p>\n\n\n\n<p>El\nDr. Silva fue el encargado de presentar el trabajo de planificaci\u00f3n virtual 3D\nque se realiza en HCM y c\u00f3mo \u00e9ste ha impactado en el trabajo de los equipos\ncl\u00ednicos y en el paciente, pues este \u00faltimo se ve beneficiado con una reducci\u00f3n\nde tiempos post operatorios, un importante cambio en la estructura de la cara\nlo que produce un cambio positivo en la calidad de vida. \u201cSon pacientes cuyo\ntiempo de espera&nbsp; desde que se inici\u00f3 su\ntratamiento de ortodoncia, hab\u00edan perdido la esperanza de ser intervenidos. Son\npacientes tienen un cambio bastante notorio, mejora la autoestima, sus vidas\npersonales se ven renovadas y&nbsp; adquieren\nmejores trabajos\u201d, dijo el especialista.<\/p>\n\n\n\n<p>Por\nsu parte, el Subdirector M\u00e9dico HCM agreg\u00f3 que: \u201cEstamos muy contestos como\nhospital porque es una buena forma de llegar con buenos elementos y con buenas\nestrategias para tratar a nuestra poblaci\u00f3n magall\u00e1nica, tenemos profesionales\naltamente capacitados en la Unidad de Cirug\u00eda Cabeza y Cuello. Esto ha sido un\nimportante trabajo&nbsp; en poder incorporar\nesta alternativa quir\u00fargica en HCM. Lo que hacemos como hospital es apoyar las\ninstancias en donde nuestros especialistas puedan mostrar el trabajo que ac\u00e1 se\nrealiza y alcanzar a ser referentes en materia maxilofacial en el sur de\nnuestro pa\u00eds\u201d. <\/p>\n","protected":false},"excerpt":{"rendered":"<p>Desde el a\u00f1o 2017 se realiza en la Unidad de Cirug\u00eda Cabeza y Cuello del Hospital Cl\u00ednico Magallanes (HCM) la planificaci\u00f3n virtual 3D,&nbsp; herramienta que permite diagnosticar y tratar pacientes&#8230; <a class=\"read-more\" href=\"https:\/\/www.radiopresidenteibanez.cl\/web\/planificacion-virtual-3d-en-cirugia-ortognatica-en-el-hospital-clinico-magallanes\/\">Leer m\u00e1s<\/a><\/p>\n","protected":false},"author":2,"featured_media":6721,"comment_status":"closed","ping_status":"closed","sticky":false,"template":"","format":"standard","meta":{"footnotes":""},"categories":[1],"tags":[],"class_list":["post-6720","post","type-post","status-publish","format-standard","has-post-thumbnail","hentry","category-cronica"],"_links":{"self":[{"href":"https:\/\/www.radiopresidenteibanez.cl\/web\/wp-json\/wp\/v2\/posts\/6720","targetHints":{"allow":["GET"]}}],"collection":[{"href":"https:\/\/www.radiopresidenteibanez.cl\/web\/wp-json\/wp\/v2\/posts"}],"about":[{"href":"https:\/\/www.radiopresidenteibanez.cl\/web\/wp-json\/wp\/v2\/types\/post"}],"author":[{"embeddable":true,"href":"https:\/\/www.radiopresidenteibanez.cl\/web\/wp-json\/wp\/v2\/users\/2"}],"replies":[{"embeddable":true,"href":"https:\/\/www.radiopresidenteibanez.cl\/web\/wp-json\/wp\/v2\/comments?post=6720"}],"version-history":[{"count":0,"href":"https:\/\/www.radiopresidenteibanez.cl\/web\/wp-json\/wp\/v2\/posts\/6720\/revisions"}],"wp:featuredmedia":[{"embeddable":true,"href":"https:\/\/www.radiopresidenteibanez.cl\/web\/wp-json\/wp\/v2\/media\/6721"}],"wp:attachment":[{"href":"https:\/\/www.radiopresidenteibanez.cl\/web\/wp-json\/wp\/v2\/media?parent=6720"}],"wp:term":[{"taxonomy":"category","embeddable":true,"href":"https:\/\/www.radiopresidenteibanez.cl\/web\/wp-json\/wp\/v2\/categories?post=6720"},{"taxonomy":"post_tag","embeddable":true,"href":"https:\/\/www.radiopresidenteibanez.cl\/web\/wp-json\/wp\/v2\/tags?post=6720"}],"curies":[{"name":"wp","href":"https:\/\/api.w.org\/{rel}","templated":true}]}}